{"id":10036,"date":"2025-02-22T11:56:27","date_gmt":"2025-02-22T16:56:27","guid":{"rendered":"https:\/\/tropicanacasanare.com\/?p=10036"},"modified":"2025-02-22T11:56:27","modified_gmt":"2025-02-22T16:56:27","slug":"%f0%9f%9a%a8-captura-de-alias-arana-pone-en-crisis-proceso-de-paz-con-comandos-de-la-frontera-%f0%9f%95%b7%ef%b8%8f","status":"publish","type":"post","link":"https:\/\/tropicanacasanare.com\/?p=10036","title":{"rendered":"\ud83d\udea8 Captura de alias \u2018Ara\u00f1a\u2019 pone en crisis proceso de paz con Comandos de la Frontera \ud83d\udd77\ufe0f"},"content":{"rendered":"\n<p class=\"wp-block-paragraph\">El grupo armado ilegal <strong>Comandos de la Frontera \u2013 Ej\u00e9rcito Bolivariano<\/strong> afirm\u00f3 que sigue comprometido con la paz, a pesar de la captura con fines de extradici\u00f3n de su m\u00e1ximo comandante, <strong>Giovanni Andr\u00e9s Rojas<\/strong>, alias <em>\u2018Ara\u00f1a\u2019<\/em>.<\/p>\n\n\n\n<figure class=\"wp-block-image size-full\"><img loading=\"lazy\" decoding=\"async\" width=\"650\" height=\"488\" src=\"https:\/\/tropicanacasanare.com\/wp-content\/uploads\/2025\/02\/image-147.png\" alt=\"\" class=\"wp-image-10037\" srcset=\"https:\/\/tropicanacasanare.com\/wp-content\/uploads\/2025\/02\/image-147.png 650w, https:\/\/tropicanacasanare.com\/wp-content\/uploads\/2025\/02\/image-147-300x225.png 300w\" sizes=\"auto, (max-width: 650px) 100vw, 650px\" \/><\/figure>\n\n\n\n<p class=\"wp-block-paragraph\">\ud83d\udd34 <strong>\u00bfQu\u00e9 pas\u00f3?<\/strong><br>\ud83d\udcc6 <em>Fecha de captura<\/em>: <strong>12 de febrero<\/strong><br>\ud83d\udccd <em>Ubicaci\u00f3n actual<\/em>: <strong>C\u00e1rcel La Picota, Bogot\u00e1<\/strong><br>\u2708\ufe0f <em>Requerido por<\/em>: <strong>Estados Unidos<\/strong> (por narcotr\u00e1fico)<\/p>\n\n\n\n<p class=\"wp-block-paragraph\">\ud83d\udce2 <strong>Reacci\u00f3n del grupo armado<\/strong><br>\ud83d\udc49 Consideran la captura un <strong>\u201cfat\u00eddico acto\u201d<\/strong> que dej\u00f3 el proceso de paz <strong>\u201cen cuidados intensivos\u201d<\/strong>.<br>\ud83d\udc49 Afirman que seguir\u00e1n comprometidos con el <strong>cumplimiento de lo acordado<\/strong> con el Gobierno.<br>\ud83d\udc49 Piden <strong>reciprocidad<\/strong> en la mesa de negociaci\u00f3n para continuar con los di\u00e1logos.<\/p>\n\n\n\n<p class=\"wp-block-paragraph\">\u2696\ufe0f <strong>Contexto<\/strong><br>\ud83d\udd39 <em>Los Comandos de la Frontera surgieron tras la divisi\u00f3n de la Segunda Marquetalia<\/em>.<br>\ud83d\udd39 La detenci\u00f3n se produjo justo despu\u00e9s del <strong>tercer ciclo de negociaci\u00f3n<\/strong> con el Gobierno.<\/p>\n\n\n\n<p class=\"wp-block-paragraph\">\ud83d\udccc <em>\u00bfC\u00f3mo afectar\u00e1 esta captura al proceso de paz?<\/em> \ud83e\udd14<\/p>\n","protected":false},"excerpt":{"rendered":"<p>El grupo armado ilegal Comandos de la Frontera \u2013 Ej\u00e9rcito Bolivariano afirm\u00f3 que sigue comprometido con la paz, a pesar de la captura con fines de extradici\u00f3n de su m\u00e1ximo comandante, Giovanni Andr\u00e9s Rojas, alias \u2018Ara\u00f1a\u2019. \ud83d\udd34 \u00bfQu\u00e9 pas\u00f3?\ud83d\udcc6 Fecha de captura: 12 de febrero\ud83d\udccd Ubicaci\u00f3n actual: C\u00e1rcel La Picota, Bogot\u00e1\u2708\ufe0f Requerido por: Estados Unidos [&hellip;]<\/p>\n","protected":false},"author":10,"featured_media":10037,"comment_status":"open","ping_status":"open","sticky":false,"template":"","format":"standard","meta":{"footnotes":""},"categories":[53,57],"tags":[],"class_list":["post-10036","post","type-post","status-publish","format-standard","has-post-thumbnail","hentry","category-casanare","category-yopal"],"amp_enabled":true,"_links":{"self":[{"href":"https:\/\/tropicanacasanare.com\/index.php?rest_route=\/wp\/v2\/posts\/10036","targetHints":{"allow":["GET"]}}],"collection":[{"href":"https:\/\/tropicanacasanare.com\/index.php?rest_route=\/wp\/v2\/posts"}],"about":[{"href":"https:\/\/tropicanacasanare.com\/index.php?rest_route=\/wp\/v2\/types\/post"}],"author":[{"embeddable":true,"href":"https:\/\/tropicanacasanare.com\/index.php?rest_route=\/wp\/v2\/users\/10"}],"replies":[{"embeddable":true,"href":"https:\/\/tropicanacasanare.com\/index.php?rest_route=%2Fwp%2Fv2%2Fcomments&post=10036"}],"version-history":[{"count":1,"href":"https:\/\/tropicanacasanare.com\/index.php?rest_route=\/wp\/v2\/posts\/10036\/revisions"}],"predecessor-version":[{"id":10038,"href":"https:\/\/tropicanacasanare.com\/index.php?rest_route=\/wp\/v2\/posts\/10036\/revisions\/10038"}],"wp:featuredmedia":[{"embeddable":true,"href":"https:\/\/tropicanacasanare.com\/index.php?rest_route=\/wp\/v2\/media\/10037"}],"wp:attachment":[{"href":"https:\/\/tropicanacasanare.com\/index.php?rest_route=%2Fwp%2Fv2%2Fmedia&parent=10036"}],"wp:term":[{"taxonomy":"category","embeddable":true,"href":"https:\/\/tropicanacasanare.com\/index.php?rest_route=%2Fwp%2Fv2%2Fcategories&post=10036"},{"taxonomy":"post_tag","embeddable":true,"href":"https:\/\/tropicanacasanare.com\/index.php?rest_route=%2Fwp%2Fv2%2Ftags&post=10036"}],"curies":[{"name":"wp","href":"https:\/\/api.w.org\/{rel}","templated":true}]}}