{"id":10096,"date":"2025-02-25T15:05:38","date_gmt":"2025-02-25T20:05:38","guid":{"rendered":"https:\/\/tropicanacasanare.com\/?p=10096"},"modified":"2025-02-25T15:05:38","modified_gmt":"2025-02-25T20:05:38","slug":"%f0%9f%8c%b1%e2%9c%8a-un-nuevo-pacto-para-la-tierra-el-campo-colombiano-toma-las-riendas-del-futuro","status":"publish","type":"post","link":"https:\/\/tropicanacasanare.com\/?p=10096","title":{"rendered":"\ud83c\udf31\u270a Un nuevo pacto para la tierra: el campo colombiano toma las riendas del futuro"},"content":{"rendered":"\n<p class=\"wp-block-paragraph\">En un encuentro sin precedentes, m\u00e1s de <strong>5.000 representantes<\/strong> del campesinado, comunidades ind\u00edgenas, afrocolombianas, raizales y palenqueras se reunieron durante <strong>dos d\u00edas<\/strong> en <strong>Chicoral, Tolima<\/strong> \ud83c\udf04 para darle forma al <strong>Plan Decenal de la Reforma Agraria<\/strong>. De esta cumbre hist\u00f3rica naci\u00f3 el <strong>Pacto por la Tierra y la Vida<\/strong>, un documento compuesto por <strong>12 pilares fundamentales<\/strong> para transformar el acceso a la tierra, fortalecer la producci\u00f3n agropecuaria y garantizar la protecci\u00f3n de los recursos naturales \ud83c\udf0d\ud83d\udca7.<\/p>\n\n\n\n<figure class=\"wp-block-image size-large\"><img loading=\"lazy\" decoding=\"async\" width=\"1024\" height=\"539\" src=\"https:\/\/tropicanacasanare.com\/wp-content\/uploads\/2025\/02\/image-167-1024x539.png\" alt=\"\" class=\"wp-image-10097\" srcset=\"https:\/\/tropicanacasanare.com\/wp-content\/uploads\/2025\/02\/image-167-1024x539.png 1024w, https:\/\/tropicanacasanare.com\/wp-content\/uploads\/2025\/02\/image-167-300x158.png 300w, https:\/\/tropicanacasanare.com\/wp-content\/uploads\/2025\/02\/image-167-768x404.png 768w, https:\/\/tropicanacasanare.com\/wp-content\/uploads\/2025\/02\/image-167.png 1162w\" sizes=\"auto, (max-width: 1024px) 100vw, 1024px\" \/><\/figure>\n\n\n\n<h3 class=\"wp-block-heading\">\ud83e\udd1d Construcci\u00f3n colectiva con ra\u00edces firmes<\/h3>\n\n\n\n<p class=\"wp-block-paragraph\">El evento estuvo marcado por el trabajo en <strong>25 mesas de discusi\u00f3n<\/strong>, donde l\u00edderes y lideresas compartieron sus experiencias y propuestas para revitalizar el campo colombiano. La meta es clara: <strong>construir un modelo agrario m\u00e1s justo, equitativo y sostenible<\/strong>.<\/p>\n\n\n\n<p class=\"wp-block-paragraph\">En la firma del pacto participaron el presidente <strong>Gustavo Petro<\/strong>, miembros del gabinete ministerial y autoridades locales. Durante su discurso, el mandatario resalt\u00f3 la importancia simb\u00f3lica de Chicoral, un lugar donde, seg\u00fan sus palabras, en <strong>1972<\/strong> se frustr\u00f3 una reforma agraria y se desat\u00f3 una oleada de violencia contra el campesinado.<\/p>\n\n\n\n<p class=\"wp-block-paragraph\"><em>\u00abHacer la Reforma Agraria es revivir la paz en Colombia\u00bb<\/em>, afirm\u00f3 Petro, agregando que este proceso busca <strong>revertir d\u00e9cadas de injusticia social<\/strong> para que la tierra deje de ser fuente de conflicto y se convierta en motor de bienestar y desarrollo \ud83d\ude9c\ud83c\udf3e.<\/p>\n\n\n\n<h3 class=\"wp-block-heading\">\ud83d\udce2 Voces que impulsan el cambio<\/h3>\n\n\n\n<p class=\"wp-block-paragraph\">Desde la <strong>Agencia Nacional de Tierras<\/strong>, su director <strong>Felipe Harman<\/strong> insisti\u00f3 en que el cambio solo ser\u00e1 posible si el campesinado se organiza y defiende sus derechos. Por su parte, la ministra de Agricultura, <strong>Martha Carvajalino<\/strong>, subray\u00f3 el papel del movimiento agrario en la consolidaci\u00f3n de Colombia como <strong>potencia agroalimentaria<\/strong> \ud83c\udf4d\ud83e\udd51.<\/p>\n\n\n\n<p class=\"wp-block-paragraph\">Tres delegados presentaron los puntos clave del pacto:<\/p>\n\n\n\n<p class=\"wp-block-paragraph\">\u2705 <strong>B\u00e1rbara Machado<\/strong>, en representaci\u00f3n de las comunidades afro, destac\u00f3 que la lucha es por el respeto y dignificaci\u00f3n de los pueblos rurales.<br>\u2705 <strong>Herminson Vega<\/strong>, vocero de los pueblos ind\u00edgenas, se\u00f1al\u00f3 que el \u00e9xito de la reforma depende de la colaboraci\u00f3n de todos los sectores.<br>\u2705 <strong>Nury Mart\u00ednez<\/strong>, del movimiento campesino, expuso los <strong>12 ejes<\/strong> de este acuerdo transformador.<\/p>\n\n\n\n<h3 class=\"wp-block-heading\">\ud83d\udcdc Los 12 principios del Pacto por la Tierra y la Vida<\/h3>\n\n\n\n<p class=\"wp-block-paragraph\">1\ufe0f\u20e3 <strong>Equidad en la distribuci\u00f3n de la tierra y recuperaci\u00f3n de territorios expoliados<\/strong> \ud83c\udf0e.<br>2\ufe0f\u20e3 <strong>Justicia agraria y reparaci\u00f3n de deudas hist\u00f3ricas<\/strong> \u2696\ufe0f.<br>3\ufe0f\u20e3 <strong>Protecci\u00f3n de suelos, cuerpos de agua y ecosistemas<\/strong> \ud83c\udf3f\ud83d\udca7.<br>4\ufe0f\u20e3 <strong>Mayor representaci\u00f3n de las comunidades en la pol\u00edtica p\u00fablica<\/strong> \ud83d\uddf3\ufe0f.<br>5\ufe0f\u20e3 <strong>Nuevo modelo agrario basado en derechos y soberan\u00eda alimentaria<\/strong> \ud83c\udf3d.<br>6\ufe0f\u20e3 <strong>Defensa de los logros hist\u00f3ricos del movimiento agrario<\/strong> \ud83c\udfdb\ufe0f.<br>7\ufe0f\u20e3 <strong>Reorganizaci\u00f3n y fortalecimiento de las instituciones del sector agrario<\/strong> \ud83c\udfe2.<br>8\ufe0f\u20e3 <strong>Protecci\u00f3n a la vida y respaldo a las organizaciones campesinas<\/strong> \u270a.<br>9\ufe0f\u20e3 <strong>Inclusi\u00f3n de mujeres, j\u00f3venes y diversidades rurales<\/strong> \ud83d\udc69\ud83c\udffd\u200d\ud83c\udf3e\ud83d\udc68\ud83c\udffd\u200d\ud83c\udf3e.<br>\ud83d\udd1f <strong>Defensa del agua y fortalecimiento de las comunidades<\/strong> \ud83d\udca6.<br>1\ufe0f\u20e31\ufe0f\u20e3 <strong>Reconocimiento de los conocimientos ancestrales<\/strong> \ud83d\udcdc.<br>1\ufe0f\u20e32\ufe0f\u20e3 <strong>Sustituci\u00f3n de cultivos il\u00edcitos por econom\u00edas sostenibles<\/strong> \ud83d\ude9c\ud83c\udf31.<\/p>\n\n\n\n<h3 class=\"wp-block-heading\">\ud83c\udf3e Un nuevo camino para el campo colombiano<\/h3>\n\n\n\n<p class=\"wp-block-paragraph\">Este pacto marca el inicio de una <strong>d\u00e9cada de transformaciones<\/strong>, donde el campo colombiano busca justicia, oportunidades y un desarrollo sostenible. El futuro est\u00e1 en manos de quienes labran la tierra, y con este acuerdo, su voz resuena m\u00e1s fuerte que nunca \ud83d\udce2\ud83d\ude9c.<\/p>\n\n\n\n<p class=\"wp-block-paragraph\">\u00a1El campo no se rinde, el cambio es ahora! \ud83c\udf0d\ud83d\udd25<\/p>\n","protected":false},"excerpt":{"rendered":"<p>En un encuentro sin precedentes, m\u00e1s de 5.000 representantes del campesinado, comunidades ind\u00edgenas, afrocolombianas, raizales y palenqueras se reunieron durante dos d\u00edas en Chicoral, Tolima \ud83c\udf04 para darle forma al Plan Decenal de la Reforma Agraria. De esta cumbre hist\u00f3rica naci\u00f3 el Pacto por la Tierra y la Vida, un documento compuesto por 12 pilares [&hellip;]<\/p>\n","protected":false},"author":10,"featured_media":10097,"comment_status":"open","ping_status":"open","sticky":false,"template":"","format":"standard","meta":{"footnotes":""},"categories":[2,51],"tags":[],"class_list":["post-10096","post","type-post","status-publish","format-standard","has-post-thumbnail","hentry","category-nacional","category-politica"],"amp_enabled":true,"_links":{"self":[{"href":"https:\/\/tropicanacasanare.com\/index.php?rest_route=\/wp\/v2\/posts\/10096","targetHints":{"allow":["GET"]}}],"collection":[{"href":"https:\/\/tropicanacasanare.com\/index.php?rest_route=\/wp\/v2\/posts"}],"about":[{"href":"https:\/\/tropicanacasanare.com\/index.php?rest_route=\/wp\/v2\/types\/post"}],"author":[{"embeddable":true,"href":"https:\/\/tropicanacasanare.com\/index.php?rest_route=\/wp\/v2\/users\/10"}],"replies":[{"embeddable":true,"href":"https:\/\/tropicanacasanare.com\/index.php?rest_route=%2Fwp%2Fv2%2Fcomments&post=10096"}],"version-history":[{"count":1,"href":"https:\/\/tropicanacasanare.com\/index.php?rest_route=\/wp\/v2\/posts\/10096\/revisions"}],"predecessor-version":[{"id":10098,"href":"https:\/\/tropicanacasanare.com\/index.php?rest_route=\/wp\/v2\/posts\/10096\/revisions\/10098"}],"wp:featuredmedia":[{"embeddable":true,"href":"https:\/\/tropicanacasanare.com\/index.php?rest_route=\/wp\/v2\/media\/10097"}],"wp:attachment":[{"href":"https:\/\/tropicanacasanare.com\/index.php?rest_route=%2Fwp%2Fv2%2Fmedia&parent=10096"}],"wp:term":[{"taxonomy":"category","embeddable":true,"href":"https:\/\/tropicanacasanare.com\/index.php?rest_route=%2Fwp%2Fv2%2Fcategories&post=10096"},{"taxonomy":"post_tag","embeddable":true,"href":"https:\/\/tropicanacasanare.com\/index.php?rest_route=%2Fwp%2Fv2%2Ftags&post=10096"}],"curies":[{"name":"wp","href":"https:\/\/api.w.org\/{rel}","templated":true}]}}