{"id":10099,"date":"2025-02-25T15:10:43","date_gmt":"2025-02-25T20:10:43","guid":{"rendered":"https:\/\/tropicanacasanare.com\/?p=10099"},"modified":"2025-02-25T15:10:44","modified_gmt":"2025-02-25T20:10:44","slug":"%f0%9f%87%a8%f0%9f%87%b4%f0%9f%94%84-nuevos-nombramientos-en-el-gabinete-mindeporte-y-mindefensa-tienen-nuevos-lideres","status":"publish","type":"post","link":"https:\/\/tropicanacasanare.com\/?p=10099","title":{"rendered":"\ud83c\udde8\ud83c\uddf4\ud83d\udd04 Nuevos nombramientos en el gabinete: MinDeporte y MinDefensa tienen nuevos l\u00edderes"},"content":{"rendered":"\n<p class=\"wp-block-paragraph\">En la madrugada de este martes 25 de febrero, la <strong>Presidencia de la Rep\u00fablica<\/strong> hizo p\u00fablicos los perfiles de <strong>Patricia Duque<\/strong> y <strong>Pedro Arnulfo S\u00e1nchez Su\u00e1rez<\/strong>, quienes asumir\u00e1n como <strong>ministra del Deporte<\/strong> y <strong>ministro de Defensa<\/strong>, respectivamente.<\/p>\n\n\n\n<figure class=\"wp-block-image size-full\"><img loading=\"lazy\" decoding=\"async\" width=\"650\" height=\"488\" src=\"https:\/\/tropicanacasanare.com\/wp-content\/uploads\/2025\/02\/image-168.png\" alt=\"\" class=\"wp-image-10100\" srcset=\"https:\/\/tropicanacasanare.com\/wp-content\/uploads\/2025\/02\/image-168.png 650w, https:\/\/tropicanacasanare.com\/wp-content\/uploads\/2025\/02\/image-168-300x225.png 300w\" sizes=\"auto, (max-width: 650px) 100vw, 650px\" \/><\/figure>\n\n\n\n<p class=\"wp-block-paragraph\">La designaci\u00f3n de <strong>S\u00e1nchez Su\u00e1rez<\/strong> ya hab\u00eda sido anunciada por el presidente <strong>Gustavo Petro<\/strong> la semana pasada, mientras que el nombramiento de <strong>Duque<\/strong> tom\u00f3 por sorpresa, ya que hasta el momento no se hab\u00eda revelado qui\u00e9n liderar\u00eda esta cartera \ud83c\udfdb\ufe0f.<\/p>\n\n\n\n<h3 class=\"wp-block-heading\">\ud83c\udfc5 \u00bfQui\u00e9n es Patricia Duque?<\/h3>\n\n\n\n<p class=\"wp-block-paragraph\">La nueva ministra del Deporte es <strong>Administradora de Empresas<\/strong>, con especializaciones en <strong>Gerencia P\u00fablica y Alta Gerencia<\/strong>. Su trayectoria profesional incluye cargos en entidades como:<\/p>\n\n\n\n<p class=\"wp-block-paragraph\">\u2705 <strong>Concejo de Bogot\u00e1<\/strong> \ud83c\udfd9\ufe0f<br>\u2705 <strong>Contralor\u00eda de Bogot\u00e1<\/strong> \ud83c\udfdb\ufe0f<br>\u2705 <strong>Superintendencia de Servicios P\u00fablicos Domiciliarios<\/strong> \ud83d\udd0d<br>\u2705 <strong>Ministerios del Trabajo e Interior<\/strong> \u2696\ufe0f<br>\u2705 <strong>Asesora del Instituto Distrital de Recreaci\u00f3n y Deporte<\/strong> \ud83c\udfc3\u200d\u2642\ufe0f<\/p>\n\n\n\n<p class=\"wp-block-paragraph\">Su m\u00e1s reciente cargo fue como <strong>Auditora General de la Rep\u00fablica<\/strong> \ud83e\uddd0.<\/p>\n\n\n\n<h3 class=\"wp-block-heading\">\ud83d\udd04 \u00bfQu\u00e9 ministerios a\u00fan est\u00e1n pendientes?<\/h3>\n\n\n\n<p class=\"wp-block-paragraph\">Con estos nuevos nombramientos, el presidente <strong>Petro<\/strong> sigue ajustando su equipo para el \u00faltimo tramo de su gobierno. Sin embargo, a\u00fan queda incertidumbre sobre qui\u00e9nes estar\u00e1n al frente de <strong>Ambiente<\/strong>, <strong>Cultura<\/strong> y <strong>TIC<\/strong> \ud83d\udce1\ud83c\udfad\ud83c\udf31.<\/p>\n\n\n\n<p class=\"wp-block-paragraph\">Adem\u00e1s, podr\u00edan darse cambios en otras entidades clave como <strong>MinComercio, el Departamento Nacional de Planeaci\u00f3n y la jefatura de gabinete<\/strong>.<\/p>\n\n\n\n<p class=\"wp-block-paragraph\">\ud83d\udd0e <strong>Seguiremos atentos a los pr\u00f3ximos anuncios<\/strong> \ud83d\udcf0\ud83d\udca1.<\/p>\n","protected":false},"excerpt":{"rendered":"<p>En la madrugada de este martes 25 de febrero, la Presidencia de la Rep\u00fablica hizo p\u00fablicos los perfiles de Patricia Duque y Pedro Arnulfo S\u00e1nchez Su\u00e1rez, quienes asumir\u00e1n como ministra del Deporte y ministro de Defensa, respectivamente. La designaci\u00f3n de S\u00e1nchez Su\u00e1rez ya hab\u00eda sido anunciada por el presidente Gustavo Petro la semana pasada, mientras [&hellip;]<\/p>\n","protected":false},"author":10,"featured_media":10100,"comment_status":"open","ping_status":"open","sticky":false,"template":"","format":"standard","meta":{"footnotes":""},"categories":[2,51],"tags":[],"class_list":["post-10099","post","type-post","status-publish","format-standard","has-post-thumbnail","hentry","category-nacional","category-politica"],"amp_enabled":true,"_links":{"self":[{"href":"https:\/\/tropicanacasanare.com\/index.php?rest_route=\/wp\/v2\/posts\/10099","targetHints":{"allow":["GET"]}}],"collection":[{"href":"https:\/\/tropicanacasanare.com\/index.php?rest_route=\/wp\/v2\/posts"}],"about":[{"href":"https:\/\/tropicanacasanare.com\/index.php?rest_route=\/wp\/v2\/types\/post"}],"author":[{"embeddable":true,"href":"https:\/\/tropicanacasanare.com\/index.php?rest_route=\/wp\/v2\/users\/10"}],"replies":[{"embeddable":true,"href":"https:\/\/tropicanacasanare.com\/index.php?rest_route=%2Fwp%2Fv2%2Fcomments&post=10099"}],"version-history":[{"count":1,"href":"https:\/\/tropicanacasanare.com\/index.php?rest_route=\/wp\/v2\/posts\/10099\/revisions"}],"predecessor-version":[{"id":10101,"href":"https:\/\/tropicanacasanare.com\/index.php?rest_route=\/wp\/v2\/posts\/10099\/revisions\/10101"}],"wp:featuredmedia":[{"embeddable":true,"href":"https:\/\/tropicanacasanare.com\/index.php?rest_route=\/wp\/v2\/media\/10100"}],"wp:attachment":[{"href":"https:\/\/tropicanacasanare.com\/index.php?rest_route=%2Fwp%2Fv2%2Fmedia&parent=10099"}],"wp:term":[{"taxonomy":"category","embeddable":true,"href":"https:\/\/tropicanacasanare.com\/index.php?rest_route=%2Fwp%2Fv2%2Fcategories&post=10099"},{"taxonomy":"post_tag","embeddable":true,"href":"https:\/\/tropicanacasanare.com\/index.php?rest_route=%2Fwp%2Fv2%2Ftags&post=10099"}],"curies":[{"name":"wp","href":"https:\/\/api.w.org\/{rel}","templated":true}]}}