{"id":10102,"date":"2025-02-25T15:15:52","date_gmt":"2025-02-25T20:15:52","guid":{"rendered":"https:\/\/tropicanacasanare.com\/?p=10102"},"modified":"2025-02-25T15:15:53","modified_gmt":"2025-02-25T20:15:53","slug":"%e2%9a%96%ef%b8%8f%f0%9f%93%9c-corte-suprema-revisara-condena-del-exministro-saulo-arboleda-tras-fallo-internacional","status":"publish","type":"post","link":"https:\/\/tropicanacasanare.com\/?p=10102","title":{"rendered":"\u2696\ufe0f\ud83d\udcdc Corte Suprema revisar\u00e1 condena del exministro Saulo Arboleda tras fallo internacional"},"content":{"rendered":"\n<p class=\"wp-block-paragraph\">La <strong>Sala de Casaci\u00f3n Penal de la Corte Suprema de Justicia<\/strong> celebr\u00f3 una sesi\u00f3n extraordinaria para analizar el caso del <strong>exministro Saulo Arboleda<\/strong>, en cumplimiento de una orden de la <strong>Corte Interamericana de Derechos Humanos<\/strong>.<\/p>\n\n\n\n<figure class=\"wp-block-image size-full\"><img loading=\"lazy\" decoding=\"async\" width=\"650\" height=\"488\" src=\"https:\/\/tropicanacasanare.com\/wp-content\/uploads\/2025\/02\/image-169.png\" alt=\"\" class=\"wp-image-10103\" srcset=\"https:\/\/tropicanacasanare.com\/wp-content\/uploads\/2025\/02\/image-169.png 650w, https:\/\/tropicanacasanare.com\/wp-content\/uploads\/2025\/02\/image-169-300x225.png 300w\" sizes=\"auto, (max-width: 650px) 100vw, 650px\" \/><\/figure>\n\n\n\n<p class=\"wp-block-paragraph\">\ud83d\udd39 El organismo internacional fall\u00f3 en contra del <strong>Estado colombiano<\/strong> y exigi\u00f3 que se le garantice a Arboleda el derecho a apelar su condena, la cual fue emitida en \u00fanica instancia dentro del esc\u00e1ndalo conocido como <strong>\u2018Miti-Miti\u2019<\/strong>.<\/p>\n\n\n\n<h3 class=\"wp-block-heading\">\u26a0\ufe0f\ud83d\udcfb El caso: entrega irregular de una emisora<\/h3>\n\n\n\n<p class=\"wp-block-paragraph\">Arboleda, quien fue <strong>ministro de telecomunicaciones<\/strong> durante el gobierno de <strong>Ernesto Samper<\/strong>, fue sentenciado por la asignaci\u00f3n irregular de una <strong>emisora FM en Cali<\/strong> al periodista <strong>Mario Alfonso Escobar<\/strong>.<\/p>\n\n\n\n<p class=\"wp-block-paragraph\">\ud83d\udd39 Adem\u00e1s de la revisi\u00f3n de su condena, el <strong>Estado colombiano deber\u00e1 indemnizarlo<\/strong> con <strong>10.000 d\u00f3lares<\/strong> por da\u00f1o inmaterial y afectaci\u00f3n a sus derechos.<\/p>\n\n\n\n<h3 class=\"wp-block-heading\">\ud83d\udd0e\ud83d\udcd1 La decisi\u00f3n de la Corte Suprema<\/h3>\n\n\n\n<p class=\"wp-block-paragraph\">En su sesi\u00f3n, la <strong>Sala de Casaci\u00f3n Penal<\/strong> aprob\u00f3 la revisi\u00f3n del fallo en contra del exministro a trav\u00e9s del <strong>mecanismo de impugnaci\u00f3n especial<\/strong>, siguiendo precedentes de casos similares.<\/p>\n\n\n\n<p class=\"wp-block-paragraph\">\u2705 Se solicit\u00f3 a la Secretar\u00eda de la Sala remitir el expediente completo.<br>\u2705 En caso de que la documentaci\u00f3n est\u00e9 incompleta, se proceder\u00e1 a su <strong>reconstrucci\u00f3n<\/strong>.<br>\u2705 Este ser\u00e1 el <strong>punto de partida<\/strong> para el tr\u00e1mite formal.<\/p>\n\n\n\n<p class=\"wp-block-paragraph\">\u26a0\ufe0f <strong>Sin embargo, la Corte aclar\u00f3 que por ahora no se revisar\u00e1n otras sentencias dictadas en \u00fanica instancia<\/strong>.<\/p>\n\n\n\n<p class=\"wp-block-paragraph\">\ud83d\udd0d <strong>Seguiremos atentos a los avances en este caso<\/strong> \ud83c\udfdb\ufe0f\u2696\ufe0f.<\/p>\n","protected":false},"excerpt":{"rendered":"<p>La Sala de Casaci\u00f3n Penal de la Corte Suprema de Justicia celebr\u00f3 una sesi\u00f3n extraordinaria para analizar el caso del exministro Saulo Arboleda, en cumplimiento de una orden de la Corte Interamericana de Derechos Humanos. \ud83d\udd39 El organismo internacional fall\u00f3 en contra del Estado colombiano y exigi\u00f3 que se le garantice a Arboleda el derecho [&hellip;]<\/p>\n","protected":false},"author":10,"featured_media":10103,"comment_status":"open","ping_status":"open","sticky":false,"template":"","format":"standard","meta":{"footnotes":""},"categories":[51],"tags":[],"class_list":["post-10102","post","type-post","status-publish","format-standard","has-post-thumbnail","hentry","category-politica"],"amp_enabled":true,"_links":{"self":[{"href":"https:\/\/tropicanacasanare.com\/index.php?rest_route=\/wp\/v2\/posts\/10102","targetHints":{"allow":["GET"]}}],"collection":[{"href":"https:\/\/tropicanacasanare.com\/index.php?rest_route=\/wp\/v2\/posts"}],"about":[{"href":"https:\/\/tropicanacasanare.com\/index.php?rest_route=\/wp\/v2\/types\/post"}],"author":[{"embeddable":true,"href":"https:\/\/tropicanacasanare.com\/index.php?rest_route=\/wp\/v2\/users\/10"}],"replies":[{"embeddable":true,"href":"https:\/\/tropicanacasanare.com\/index.php?rest_route=%2Fwp%2Fv2%2Fcomments&post=10102"}],"version-history":[{"count":1,"href":"https:\/\/tropicanacasanare.com\/index.php?rest_route=\/wp\/v2\/posts\/10102\/revisions"}],"predecessor-version":[{"id":10104,"href":"https:\/\/tropicanacasanare.com\/index.php?rest_route=\/wp\/v2\/posts\/10102\/revisions\/10104"}],"wp:featuredmedia":[{"embeddable":true,"href":"https:\/\/tropicanacasanare.com\/index.php?rest_route=\/wp\/v2\/media\/10103"}],"wp:attachment":[{"href":"https:\/\/tropicanacasanare.com\/index.php?rest_route=%2Fwp%2Fv2%2Fmedia&parent=10102"}],"wp:term":[{"taxonomy":"category","embeddable":true,"href":"https:\/\/tropicanacasanare.com\/index.php?rest_route=%2Fwp%2Fv2%2Fcategories&post=10102"},{"taxonomy":"post_tag","embeddable":true,"href":"https:\/\/tropicanacasanare.com\/index.php?rest_route=%2Fwp%2Fv2%2Ftags&post=10102"}],"curies":[{"name":"wp","href":"https:\/\/api.w.org\/{rel}","templated":true}]}}