{"id":10138,"date":"2025-02-26T09:51:02","date_gmt":"2025-02-26T14:51:02","guid":{"rendered":"https:\/\/tropicanacasanare.com\/?p=10138"},"modified":"2025-02-26T09:51:02","modified_gmt":"2025-02-26T14:51:02","slug":"%f0%9f%93%a2-acuerdo-logrado-se-levanta-protesta-contra-el-avaluo-catastral-en-yopal-%f0%9f%8f%a1%f0%9f%93%8a","status":"publish","type":"post","link":"https:\/\/tropicanacasanare.com\/?p=10138","title":{"rendered":"\ud83d\udce2 \u00a1Acuerdo logrado! Se levanta protesta contra el aval\u00fao catastral en Yopal \ud83c\udfe1\ud83d\udcca"},"content":{"rendered":"\n<p class=\"wp-block-paragraph\">Tras <strong>cuatro horas de di\u00e1logo<\/strong> entre el alcalde <strong>Marco Tulio Ru\u00edz<\/strong>, su gabinete, l\u00edderes de la manifestaci\u00f3n y el <strong>Ministerio P\u00fablico<\/strong>, se alcanzaron acuerdos que permitieron <strong>levantar la movilizaci\u00f3n social<\/strong> contra el aumento del <strong>Impuesto Predial<\/strong>.<\/p>\n\n\n\n<figure class=\"wp-block-image size-full\"><img loading=\"lazy\" decoding=\"async\" width=\"801\" height=\"550\" src=\"https:\/\/tropicanacasanare.com\/wp-content\/uploads\/2025\/02\/image-182.png\" alt=\"\" class=\"wp-image-10139\" srcset=\"https:\/\/tropicanacasanare.com\/wp-content\/uploads\/2025\/02\/image-182.png 801w, https:\/\/tropicanacasanare.com\/wp-content\/uploads\/2025\/02\/image-182-300x206.png 300w, https:\/\/tropicanacasanare.com\/wp-content\/uploads\/2025\/02\/image-182-768x527.png 768w\" sizes=\"auto, (max-width: 801px) 100vw, 801px\" \/><\/figure>\n\n\n\n<p class=\"wp-block-paragraph\">\ud83d\udde3 <strong>\u00abEstoy con el pueblo y vamos a encontrar soluciones a este problema heredado. Seremos flexibles con el recaudo mientras avanzamos en posibles soluciones\u00bb<\/strong>, afirm\u00f3 el alcalde.<\/p>\n\n\n\n<p class=\"wp-block-paragraph\">\u2705 <strong>Conclusiones del di\u00e1logo:<\/strong><\/p>\n\n\n\n<p class=\"wp-block-paragraph\">\ud83d\udccc <strong>Se recopilaron todas las inconformidades<\/strong> de la comunidad sobre los aval\u00faos catastrales.<br>\ud83d\udccc <strong>Se instalar\u00e1 una mesa de verificaci\u00f3n<\/strong> \ud83d\udcc5 <strong>mi\u00e9rcoles 26 de febrero a las 7:00 a.m.<\/strong>, con participaci\u00f3n de la comunidad e instituciones.<br>\ud83d\udccc <strong>Se revisar\u00e1n los actos administrativos<\/strong> del gestor catastral <strong>(Catasig)<\/strong> y los resultados de la actualizaci\u00f3n catastral.<br>\ud83d\udccc <strong>Se evaluar\u00e1 el convenio interadministrativo<\/strong> para identificar posibles incumplimientos legales y contractuales.<br>\ud83d\udccc <strong>Acompa\u00f1amiento del Ministerio P\u00fablico<\/strong> y \u00f3rganos de control como garantes del proceso.<\/p>\n\n\n\n<p class=\"wp-block-paragraph\">\ud83d\udc65 <strong>La mesa de di\u00e1logo cont\u00f3 con la participaci\u00f3n de:<\/strong> Procuradur\u00eda, Contralor\u00eda Regional, Personer\u00eda Municipal, Defensor\u00eda del Pueblo y voceros de los manifestantes.<\/p>\n\n\n\n<p class=\"wp-block-paragraph\">\ud83e\udd1d <strong>\u00a1El di\u00e1logo sigue abierto!<\/strong> La Administraci\u00f3n Municipal reafirm\u00f3 su compromiso de mantener espacios de concertaci\u00f3n para encontrar una soluci\u00f3n justa para todos. \ud83d\udcaa\ud83c\udffd<\/p>\n","protected":false},"excerpt":{"rendered":"<p>Tras cuatro horas de di\u00e1logo entre el alcalde Marco Tulio Ru\u00edz, su gabinete, l\u00edderes de la manifestaci\u00f3n y el Ministerio P\u00fablico, se alcanzaron acuerdos que permitieron levantar la movilizaci\u00f3n social contra el aumento del Impuesto Predial. \ud83d\udde3 \u00abEstoy con el pueblo y vamos a encontrar soluciones a este problema heredado. Seremos flexibles con el recaudo [&hellip;]<\/p>\n","protected":false},"author":10,"featured_media":10139,"comment_status":"open","ping_status":"open","sticky":false,"template":"","format":"standard","meta":{"footnotes":""},"categories":[53],"tags":[],"class_list":["post-10138","post","type-post","status-publish","format-standard","has-post-thumbnail","hentry","category-casanare"],"amp_enabled":true,"_links":{"self":[{"href":"https:\/\/tropicanacasanare.com\/index.php?rest_route=\/wp\/v2\/posts\/10138","targetHints":{"allow":["GET"]}}],"collection":[{"href":"https:\/\/tropicanacasanare.com\/index.php?rest_route=\/wp\/v2\/posts"}],"about":[{"href":"https:\/\/tropicanacasanare.com\/index.php?rest_route=\/wp\/v2\/types\/post"}],"author":[{"embeddable":true,"href":"https:\/\/tropicanacasanare.com\/index.php?rest_route=\/wp\/v2\/users\/10"}],"replies":[{"embeddable":true,"href":"https:\/\/tropicanacasanare.com\/index.php?rest_route=%2Fwp%2Fv2%2Fcomments&post=10138"}],"version-history":[{"count":1,"href":"https:\/\/tropicanacasanare.com\/index.php?rest_route=\/wp\/v2\/posts\/10138\/revisions"}],"predecessor-version":[{"id":10140,"href":"https:\/\/tropicanacasanare.com\/index.php?rest_route=\/wp\/v2\/posts\/10138\/revisions\/10140"}],"wp:featuredmedia":[{"embeddable":true,"href":"https:\/\/tropicanacasanare.com\/index.php?rest_route=\/wp\/v2\/media\/10139"}],"wp:attachment":[{"href":"https:\/\/tropicanacasanare.com\/index.php?rest_route=%2Fwp%2Fv2%2Fmedia&parent=10138"}],"wp:term":[{"taxonomy":"category","embeddable":true,"href":"https:\/\/tropicanacasanare.com\/index.php?rest_route=%2Fwp%2Fv2%2Fcategories&post=10138"},{"taxonomy":"post_tag","embeddable":true,"href":"https:\/\/tropicanacasanare.com\/index.php?rest_route=%2Fwp%2Fv2%2Ftags&post=10138"}],"curies":[{"name":"wp","href":"https:\/\/api.w.org\/{rel}","templated":true}]}}