{"id":18844,"date":"2026-08-31T11:36:17","date_gmt":"2026-08-31T16:36:17","guid":{"rendered":"https:\/\/tropicanacasanare.com\/?p=18844"},"modified":"2026-08-31T11:46:08","modified_gmt":"2026-08-31T16:46:08","slug":"tres-menores-murieron-tras-bombardeo-contra-disidencias-de-las-farc-en-guaviare","status":"publish","type":"post","link":"https:\/\/tropicanacasanare.com\/?p=18844","title":{"rendered":"Tres menores murieron tras bombardeo contra disidencias de las FARC en Guaviare"},"content":{"rendered":"\n<p class=\"wp-block-paragraph\">\ud83d\udea8\ud83c\udde8\ud83c\uddf4 Una operaci\u00f3n militar adelantada en zona rural de El Retorno, Guaviare, dej\u00f3 diez personas muertas, entre ellas tres menores de edad. El ataque fue ordenado por el presidente Abelardo de la Espriella y gener\u00f3 cuestionamientos de organizaciones defensoras de derechos humanos debido a la presencia de ni\u00f1os y adolescentes entre las v\u00edctimas. \u26a0\ufe0f<\/p>\n\n\n\n<figure class=\"wp-block-image size-large\"><img loading=\"lazy\" decoding=\"async\" width=\"1024\" height=\"676\" src=\"https:\/\/tropicanacasanare.com\/wp-content\/uploads\/2026\/08\/image-122-1024x676.png\" alt=\"\" class=\"wp-image-18845\" srcset=\"https:\/\/tropicanacasanare.com\/wp-content\/uploads\/2026\/08\/image-122-1024x676.png 1024w, https:\/\/tropicanacasanare.com\/wp-content\/uploads\/2026\/08\/image-122-300x198.png 300w, https:\/\/tropicanacasanare.com\/wp-content\/uploads\/2026\/08\/image-122-767x506.png 767w, https:\/\/tropicanacasanare.com\/wp-content\/uploads\/2026\/08\/image-122.png 1200w\" sizes=\"auto, (max-width: 1024px) 100vw, 1024px\" \/><\/figure>\n\n\n\n<p class=\"wp-block-paragraph\">Los hechos ocurrieron el jueves 27 de agosto, durante la denominada \u201cOperaci\u00f3n Am\u00f3n\u201d, una acci\u00f3n de las Fuerzas Militares dirigida contra integrantes del Estado Mayor de Bloques y Frentes, EMBF, una estructura disidente de las FARC liderada por Calarc\u00e1 C\u00f3rdoba. En el despliegue participaron once aeronaves de la Fuerza Aeroespacial Colombiana y, de acuerdo con la informaci\u00f3n oficial, durante la operaci\u00f3n tambi\u00e9n fueron incautadas armas, entre ellas fusiles y ametralladoras.<\/p>\n\n\n\n<p class=\"wp-block-paragraph\">Medicina Legal confirm\u00f3 que hasta el momento han sido identificados nueve de los diez cuerpos recuperados despu\u00e9s del bombardeo. De las personas identificadas, cuatro eran mujeres y cinco hombres, mientras que tres de las v\u00edctimas eran menores de edad. Los restos fueron trasladados a instalaciones de Medicina Legal en Florencia, Caquet\u00e1, y Villavicencio, Meta, para adelantar los procedimientos de identificaci\u00f3n y an\u00e1lisis forense. El d\u00e9cimo cuerpo permanece bajo estudio debido a las condiciones en las que fue encontrado.<\/p>\n\n\n\n<p class=\"wp-block-paragraph\">El presidente Abelardo de la Espriella defendi\u00f3 p\u00fablicamente la decisi\u00f3n de realizar el operativo y sostuvo que la responsabilidad por la presencia de menores dentro de las estructuras armadas corresponde a los grupos ilegales que los reclutan. Desde el Gobierno tambi\u00e9n se rechaz\u00f3 el uso de ni\u00f1os, ni\u00f1as y adolescentes por parte de organizaciones armadas, mientras el Ministerio de Defensa afirm\u00f3 que el ataque fue ejecutado siguiendo los est\u00e1ndares legales establecidos para este tipo de operaciones a\u00e9reas.<\/p>\n\n\n\n<p class=\"wp-block-paragraph\">Sin embargo, el caso abri\u00f3 nuevamente el debate sobre los l\u00edmites de las operaciones militares cuando existe la posibilidad de que haya menores dentro de los objetivos atacados. La organizaci\u00f3n de derechos humanos Vivamos Humanos se\u00f1al\u00f3 que encontrar ni\u00f1os o adolescentes en un campamento de una estructura armada no significa, por s\u00ed solo, que exista una justificaci\u00f3n autom\u00e1tica para efectuar un bombardeo.<\/p>\n\n\n\n<p class=\"wp-block-paragraph\">La organizaci\u00f3n record\u00f3 que las Fuerzas Militares tienen el deber de extremar las medidas de precauci\u00f3n cuando exista incertidumbre sobre la edad o la condici\u00f3n de las personas presentes en un objetivo militar. Seg\u00fan su pronunciamiento, en estos escenarios debe analizarse cuidadosamente la ventaja militar que se pretende obtener frente al riesgo de causar afectaciones a civiles, especialmente a menores de edad.<\/p>\n\n\n\n<p class=\"wp-block-paragraph\">Vivamos Humanos tambi\u00e9n insisti\u00f3 en que, cuando hay indicios de presencia de ni\u00f1os, ni\u00f1as o adolescentes, el Estado debe aplicar una \u201cdoble cautela\u201d antes de ejecutar una acci\u00f3n de este tipo. Esto implica adoptar todas las medidas razonablemente posibles para evitar que los menores terminen convirti\u00e9ndose en v\u00edctimas de las operaciones militares.<\/p>\n\n\n\n<p class=\"wp-block-paragraph\">La situaci\u00f3n cobra especial relevancia porque este fue el segundo bombardeo autorizado por De la Espriella durante sus primeras tres semanas en la Presidencia. El operativo en Guaviare deja as\u00ed un nuevo escenario de discusi\u00f3n sobre la estrategia de seguridad del actual Gobierno, particularmente frente al uso de ataques a\u00e9reos contra grupos armados que mantienen dentro de sus filas a menores de edad.<\/p>\n\n\n\n<p class=\"wp-block-paragraph\">Mientras avanzan los procedimientos de identificaci\u00f3n del \u00faltimo cuerpo, las autoridades contin\u00faan sosteniendo que la operaci\u00f3n estuvo dirigida contra integrantes de una estructura armada ilegal. Al mismo tiempo, organizaciones de derechos humanos reclaman que la presencia de menores en estos escenarios obliga a extremar las precauciones y a evaluar con especial rigurosidad las consecuencias humanitarias de cada decisi\u00f3n militar.<\/p>\n","protected":false},"excerpt":{"rendered":"<p>\ud83d\udea8\ud83c\udde8\ud83c\uddf4 Una operaci\u00f3n militar adelantada en zona rural de El Retorno, Guaviare, dej\u00f3 diez personas muertas, entre ellas tres menores de edad. El ataque fue ordenado por el presidente Abelardo de la Espriella y gener\u00f3 cuestionamientos de organizaciones defensoras de derechos humanos debido a la presencia de ni\u00f1os y adolescentes entre las v\u00edctimas. \u26a0\ufe0f Los [&hellip;]<\/p>\n","protected":false},"author":10,"featured_media":18845,"comment_status":"closed","ping_status":"open","sticky":false,"template":"","format":"standard","meta":{"footnotes":""},"categories":[52,2],"tags":[],"class_list":["post-18844","post","type-post","status-publish","format-standard","has-post-thumbnail","hentry","category-judicial","category-nacional"],"amp_enabled":true,"_links":{"self":[{"href":"https:\/\/tropicanacasanare.com\/index.php?rest_route=\/wp\/v2\/posts\/18844","targetHints":{"allow":["GET"]}}],"collection":[{"href":"https:\/\/tropicanacasanare.com\/index.php?rest_route=\/wp\/v2\/posts"}],"about":[{"href":"https:\/\/tropicanacasanare.com\/index.php?rest_route=\/wp\/v2\/types\/post"}],"author":[{"embeddable":true,"href":"https:\/\/tropicanacasanare.com\/index.php?rest_route=\/wp\/v2\/users\/10"}],"replies":[{"embeddable":true,"href":"https:\/\/tropicanacasanare.com\/index.php?rest_route=%2Fwp%2Fv2%2Fcomments&post=18844"}],"version-history":[{"count":1,"href":"https:\/\/tropicanacasanare.com\/index.php?rest_route=\/wp\/v2\/posts\/18844\/revisions"}],"predecessor-version":[{"id":18846,"href":"https:\/\/tropicanacasanare.com\/index.php?rest_route=\/wp\/v2\/posts\/18844\/revisions\/18846"}],"wp:featuredmedia":[{"embeddable":true,"href":"https:\/\/tropicanacasanare.com\/index.php?rest_route=\/wp\/v2\/media\/18845"}],"wp:attachment":[{"href":"https:\/\/tropicanacasanare.com\/index.php?rest_route=%2Fwp%2Fv2%2Fmedia&parent=18844"}],"wp:term":[{"taxonomy":"category","embeddable":true,"href":"https:\/\/tropicanacasanare.com\/index.php?rest_route=%2Fwp%2Fv2%2Fcategories&post=18844"},{"taxonomy":"post_tag","embeddable":true,"href":"https:\/\/tropicanacasanare.com\/index.php?rest_route=%2Fwp%2Fv2%2Ftags&post=18844"}],"curies":[{"name":"wp","href":"https:\/\/api.w.org\/{rel}","templated":true}]}}