{"id":18847,"date":"2026-08-31T11:50:28","date_gmt":"2026-08-31T16:50:28","guid":{"rendered":"https:\/\/tropicanacasanare.com\/?p=18847"},"modified":"2026-08-31T11:50:29","modified_gmt":"2026-08-31T16:50:29","slug":"jaime-uriel-sanabria-arias-asumio-como-nuevo-obispo-de-yopal-y-llamo-a-los-fieles-a-poner-a-cristo-en-el-centro","status":"publish","type":"post","link":"https:\/\/tropicanacasanare.com\/?p=18847","title":{"rendered":"Jaime Uriel Sanabria Arias asumi\u00f3 como nuevo Obispo de Yopal y llam\u00f3 a los fieles a poner a Cristo en el centro"},"content":{"rendered":"\n<p class=\"wp-block-paragraph\">\u26ea\ud83d\ude4f Con un mensaje centrado en la fe, la evangelizaci\u00f3n y el reconocimiento de Cristo como \u00fanico Salvador, Monse\u00f1or Jaime Uriel Sanabria Arias asumi\u00f3 oficialmente como tercer Obispo de la Di\u00f3cesis de Yopal. La posesi\u00f3n can\u00f3nica se llev\u00f3 a cabo en la Catedral San Jos\u00e9, donde numerosos fieles, sacerdotes, religiosos, seminaristas y representantes de distintas comunidades acompa\u00f1aron la ceremonia y dieron la bienvenida al nuevo pastor de la Iglesia en Casanare. \u271d\ufe0f\ud83c\udde8\ud83c\uddf4<\/p>\n\n\n\n<figure class=\"wp-block-image size-full\"><img loading=\"lazy\" decoding=\"async\" width=\"700\" height=\"587\" src=\"https:\/\/tropicanacasanare.com\/wp-content\/uploads\/2026\/08\/image-124.png\" alt=\"\" class=\"wp-image-18849\" srcset=\"https:\/\/tropicanacasanare.com\/wp-content\/uploads\/2026\/08\/image-124.png 700w, https:\/\/tropicanacasanare.com\/wp-content\/uploads\/2026\/08\/image-124-300x252.png 300w\" sizes=\"auto, (max-width: 700px) 100vw, 700px\" \/><\/figure>\n\n\n\n<p class=\"wp-block-paragraph\">La llegada de Monse\u00f1or Sanabria Arias representa el cierre de un periodo de m\u00e1s de dos a\u00f1os en el que la Di\u00f3cesis de Yopal estuvo bajo la administraci\u00f3n apost\u00f3lica, despu\u00e9s del traslado de Monse\u00f1or Edgar Aristiz\u00e1bal Quintero. El nuevo obispo llega procedente de la Di\u00f3cesis de San Andr\u00e9s, Providencia y Santa Catalina, donde ejerci\u00f3 durante cerca de una d\u00e9cada y desarroll\u00f3 una amplia labor pastoral.<\/p>\n\n\n\n<p class=\"wp-block-paragraph\">Durante la ceremonia, el padre Jeison Salguero, quien hasta hace pocos d\u00edas se desempe\u00f1\u00f3 como administrador apost\u00f3lico de la Di\u00f3cesis de Yopal, hizo entrega del despacho al nuevo obispo. Este acto simboliz\u00f3 el traspaso de la responsabilidad pastoral y administrativa de la jurisdicci\u00f3n eclesi\u00e1stica, as\u00ed como la continuidad de la unidad de la Iglesia en el territorio.<\/p>\n\n\n\n<p class=\"wp-block-paragraph\">Uno de los momentos centrales de la jornada fue la lectura de la bula papal mediante la cual el papa Le\u00f3n XIV design\u00f3 a Jaime Uriel Sanabria Arias como nuevo Obispo de Yopal. Con este documento se hizo oficial el inicio de su ministerio episcopal en la jurisdicci\u00f3n y su responsabilidad de acompa\u00f1ar a las parroquias y comunidades que integran la di\u00f3cesis.<\/p>\n\n\n\n<h3 class=\"wp-block-heading\">Un b\u00e1culo con historia para el nuevo obispo<\/h3>\n\n\n\n<p class=\"wp-block-paragraph\">Como parte de la ceremonia, Monse\u00f1or Miguel \u00c1ngel Villa Vahos, Arzobispo de Tunja y presidente de la Conferencia Episcopal de Colombia, entreg\u00f3 a Monse\u00f1or Sanabria el b\u00e1culo que perteneci\u00f3 a San Ezequiel Moreno, quien fue el primer vicario apost\u00f3lico de Casanare.<\/p>\n\n\n\n<p class=\"wp-block-paragraph\">El objeto tiene un importante significado hist\u00f3rico y religioso para la Iglesia en la regi\u00f3n, por lo que su entrega al nuevo obispo estuvo cargada de simbolismo. Con el b\u00e1culo en sus manos, Sanabria Arias inici\u00f3 formalmente su misi\u00f3n pastoral al frente de la Di\u00f3cesis de Yopal.<\/p>\n\n\n\n<p class=\"wp-block-paragraph\">La celebraci\u00f3n cont\u00f3 con la presencia de 18 obispos, adem\u00e1s de integrantes del clero diocesano y de la Arquidi\u00f3cesis de Tunja. Tambi\u00e9n participaron sacerdotes, religiosos, seminaristas y representantes de las comunidades provenientes de San Andr\u00e9s, quienes acompa\u00f1aron al nuevo obispo en este momento de transici\u00f3n y unidad eclesial.<\/p>\n\n\n\n<h3 class=\"wp-block-heading\">Un boyacense que llega a la capital de Casanare<\/h3>\n\n\n\n<p class=\"wp-block-paragraph\">Jaime Uriel Sanabria Arias naci\u00f3 en Ci\u00e9naga, municipio de la provincia de M\u00e1rquez, en Boyac\u00e1. Con su llegada a Yopal se suma a otros destacados ciudadanos de ese municipio que han desarrollado parte de su trayectoria en Casanare.<\/p>\n\n\n\n<p class=\"wp-block-paragraph\">Entre ellos tambi\u00e9n se encuentra Jairo Armando Gonz\u00e1lez, magistrado del Tribunal Superior del Distrito Judicial, quien igualmente es oriundo de Ci\u00e9naga.<\/p>\n\n\n\n<p class=\"wp-block-paragraph\">Antes de asumir su nuevo cargo, Sanabria Arias permaneci\u00f3 durante aproximadamente diez a\u00f1os en San Andr\u00e9s Islas como vicario apost\u00f3lico. Para trasladarse hasta su nueva sede decidi\u00f3 realizar el recorrido por tierra y atravesar la Transversal del Cusiana, una ruta que le permiti\u00f3 tener un primer acercamiento con algunos territorios boyacenses cercanos a Casanare.<\/p>\n\n\n\n<p class=\"wp-block-paragraph\">Durante el trayecto hizo una parada en Aquitania y posteriormente continu\u00f3 hacia Pajarito, donde recibi\u00f3 muestras de afecto y hospitalidad por parte de las autoridades y habitantes. All\u00ed fue recibido con platos tradicionales de la regi\u00f3n, entre ellos gallina y arepas, como parte de la bienvenida a quien posteriormente asumir\u00eda la conducci\u00f3n de la Iglesia cat\u00f3lica en Yopal.<\/p>\n\n\n\n<p class=\"wp-block-paragraph\">A su llegada a la capital casanare\u00f1a, el nuevo obispo asegur\u00f3 que comenz\u00f3 a recibir numerosos mensajes en su tel\u00e9fono celular despu\u00e9s de conocerse su nombramiento. Seg\u00fan explic\u00f3, muchas personas le expresaron su alegr\u00eda y expectativa por su llegada como nuevo pastor de la Di\u00f3cesis.<\/p>\n\n\n\n<h3 class=\"wp-block-heading\">Evangelizaci\u00f3n, j\u00f3venes y cuidado de la casa com\u00fan<\/h3>\n\n\n\n<p class=\"wp-block-paragraph\">Durante sus primeras intervenciones, Monse\u00f1or Sanabria Arias dej\u00f3 entrever algunas de las prioridades que espera impulsar durante su ministerio en Casanare.<\/p>\n\n\n\n<p class=\"wp-block-paragraph\">Entre ellas se encuentra fortalecer la evangelizaci\u00f3n y acercar el mensaje de Jes\u00fas especialmente a los ni\u00f1os y j\u00f3venes. Tambi\u00e9n plante\u00f3 la importancia de contribuir a la formaci\u00f3n de una sociedad fundamentada en principios \u00e9ticos y morales.<\/p>\n\n\n\n<p class=\"wp-block-paragraph\">Otro de los asuntos que tendr\u00e1 especial relevancia en su labor ser\u00e1 el cuidado de la llamada casa com\u00fan, una preocupaci\u00f3n relacionada con la protecci\u00f3n del medioambiente y el compromiso de las comunidades con el territorio.<\/p>\n\n\n\n<p class=\"wp-block-paragraph\">En su primera homil\u00eda como Obispo de Yopal, el religioso estructur\u00f3 su mensaje alrededor de tres ejes fundamentales: Cristo como \u00fanico Pastor, una Iglesia sinodal y la relaci\u00f3n entre santidad y misi\u00f3n.<\/p>\n\n\n\n<p class=\"wp-block-paragraph\">Sobre el primer punto, destac\u00f3 que el obispo no llega a ser due\u00f1o del pueblo de Dios, sino servidor de la comunidad. En cuanto a la Iglesia sinodal, invit\u00f3 a caminar juntos y a construir espacios donde los diferentes integrantes de la Iglesia tengan una participaci\u00f3n activa.<\/p>\n\n\n\n<p class=\"wp-block-paragraph\">Finalmente, al referirse a la santidad y la misi\u00f3n, hizo \u00e9nfasis en la necesidad de evangelizar principalmente mediante el testimonio de vida y de asumir la responsabilidad de proteger la tierra.<\/p>\n\n\n\n<h3 class=\"wp-block-heading\">La esperanza frente a las dificultades<\/h3>\n\n\n\n<p class=\"wp-block-paragraph\">El nuevo obispo tambi\u00e9n se refiri\u00f3 a las situaciones dif\u00edciles que atraviesan Casanare y diferentes regiones del pa\u00eds, especialmente ante fen\u00f3menos como las inundaciones y otras emergencias que afectan a las comunidades.<\/p>\n\n\n\n<p class=\"wp-block-paragraph\">Frente a estas circunstancias, se\u00f1al\u00f3 que las dificultades tambi\u00e9n pueden convertirse en espacios en los que surjan la esperanza y la solidaridad. Su mensaje invit\u00f3 a no perder la confianza ante los momentos adversos y a fortalecer la ayuda mutua entre las personas.<\/p>\n\n\n\n<h3 class=\"wp-block-heading\">La profesi\u00f3n de fe antes de la posesi\u00f3n<\/h3>\n\n\n\n<p class=\"wp-block-paragraph\">Antes de la ceremonia de posesi\u00f3n can\u00f3nica se realiz\u00f3 la profesi\u00f3n de fe, un acto presidido por el Arzobispo de Tunja, Monse\u00f1or Miguel \u00c1ngel Villa Vahos.<\/p>\n\n\n\n<p class=\"wp-block-paragraph\">Durante este momento se explic\u00f3 que la profesi\u00f3n de fe no constituye simplemente un requisito protocolario, sino que corresponde a una tradici\u00f3n de larga trayectoria dentro de la Iglesia Cat\u00f3lica. Quien asume un nuevo ministerio debe manifestar p\u00fablicamente su adhesi\u00f3n a aquello que la Iglesia ha cre\u00eddo, celebrado y ense\u00f1ado a lo largo de su historia.<\/p>\n\n\n\n<p class=\"wp-block-paragraph\">La finalidad tambi\u00e9n es garantizar la unidad de la Iglesia, pues el nuevo ministro debe anunciar y ense\u00f1ar la doctrina de la instituci\u00f3n y no establecer una ense\u00f1anza basada exclusivamente en criterios personales.<\/p>\n\n\n\n<p class=\"wp-block-paragraph\">Este acto tiene como fundamento las palabras atribuidas a Cristo en el Evangelio: \u201cT\u00fa eres Pedro y sobre esta piedra edificar\u00e9 mi Iglesia\u201d.<\/p>\n\n\n\n<h3 class=\"wp-block-heading\">Una bienvenida institucional marcada por la m\u00fasica llanera<\/h3>\n\n\n\n<p class=\"wp-block-paragraph\">La llegada del nuevo obispo tambi\u00e9n estuvo acompa\u00f1ada por un acto protocolario desarrollado previamente en el Cinema Casanare. En ese escenario fueron interpretados los himnos de Colombia, Casanare y el himno episcopal.<\/p>\n\n\n\n<p class=\"wp-block-paragraph\">El espacio cont\u00f3 con las banderas de Colombia, Casanare y del Estado Vaticano, mientras diferentes representantes institucionales participaron en la bienvenida.<\/p>\n\n\n\n<p class=\"wp-block-paragraph\">Entre los asistentes estuvo el gobernador de Casanare, C\u00e9sar Ortiz Zorro, y la jornada incluy\u00f3 una presentaci\u00f3n de m\u00fasica llanera como muestra de la identidad cultural del departamento y de la hospitalidad de la regi\u00f3n hacia el nuevo l\u00edder religioso.<\/p>\n\n\n\n<p class=\"wp-block-paragraph\">Sin embargo, llam\u00f3 la atenci\u00f3n la ausencia del alcalde de Yopal, Marco Tulio Ruiz, quien, adem\u00e1s de pertenecer a la Iglesia Cat\u00f3lica, mantiene una relaci\u00f3n de amistad con Monse\u00f1or Sanabria. El nuevo obispo fue durante aproximadamente diez a\u00f1os p\u00e1rroco en Ventaquemada, municipio relacionado con la familia Ruiz Ria\u00f1o.<\/p>\n\n\n\n<h3 class=\"wp-block-heading\">Los boyacenses contin\u00faan teniendo presencia en el clero de Casanare<\/h3>\n\n\n\n<p class=\"wp-block-paragraph\">Con la llegada de Jaime Uriel Sanabria Arias, otro religioso nacido en Boyac\u00e1 asume una posici\u00f3n de liderazgo dentro de la Iglesia cat\u00f3lica en Casanare.<\/p>\n\n\n\n<p class=\"wp-block-paragraph\">Antes de \u00e9l, Monse\u00f1or Misael Vacca Ram\u00edrez, oriundo de Somondoco, tambi\u00e9n estuvo al frente de la Di\u00f3cesis de Yopal. A esta presencia boyacense se suma el padre Jeison Salguero, nacido en Macanal, quien recientemente termin\u00f3 su periodo como administrador apost\u00f3lico.<\/p>\n\n\n\n<p class=\"wp-block-paragraph\">Sanabria Arias fue designado por el papa Le\u00f3n XIV, mientras que Edgar Aristiz\u00e1bal Quintero hab\u00eda sido nombrado por el papa Francisco y Misael Vacca por San Juan Pablo II.<\/p>\n\n\n\n<p class=\"wp-block-paragraph\">Ahora, desde la Catedral San Jos\u00e9 de Yopal, el nuevo obispo comienza una etapa pastoral en la que tendr\u00e1 la responsabilidad de acompa\u00f1ar a las comunidades cat\u00f3licas de todo el departamento, promover la evangelizaci\u00f3n y fortalecer el v\u00ednculo entre las diferentes parroquias.<\/p>\n\n\n\n<p class=\"wp-block-paragraph\">Su llegada fue recibida con muestras de entusiasmo por parte de los fieles, quienes esperan que la experiencia acumulada durante sus a\u00f1os de servicio pastoral en San Andr\u00e9s se traduzca en nuevos proyectos y acciones para la Iglesia casanare\u00f1a.<\/p>\n","protected":false},"excerpt":{"rendered":"<p>\u26ea\ud83d\ude4f Con un mensaje centrado en la fe, la evangelizaci\u00f3n y el reconocimiento de Cristo como \u00fanico Salvador, Monse\u00f1or Jaime Uriel Sanabria Arias asumi\u00f3 oficialmente como tercer Obispo de la Di\u00f3cesis de Yopal. La posesi\u00f3n can\u00f3nica se llev\u00f3 a cabo en la Catedral San Jos\u00e9, donde numerosos fieles, sacerdotes, religiosos, seminaristas y representantes de distintas [&hellip;]<\/p>\n","protected":false},"author":10,"featured_media":18849,"comment_status":"closed","ping_status":"open","sticky":false,"template":"","format":"standard","meta":{"footnotes":""},"categories":[53,2],"tags":[],"class_list":["post-18847","post","type-post","status-publish","format-standard","has-post-thumbnail","hentry","category-casanare","category-nacional"],"amp_enabled":true,"_links":{"self":[{"href":"https:\/\/tropicanacasanare.com\/index.php?rest_route=\/wp\/v2\/posts\/18847","targetHints":{"allow":["GET"]}}],"collection":[{"href":"https:\/\/tropicanacasanare.com\/index.php?rest_route=\/wp\/v2\/posts"}],"about":[{"href":"https:\/\/tropicanacasanare.com\/index.php?rest_route=\/wp\/v2\/types\/post"}],"author":[{"embeddable":true,"href":"https:\/\/tropicanacasanare.com\/index.php?rest_route=\/wp\/v2\/users\/10"}],"replies":[{"embeddable":true,"href":"https:\/\/tropicanacasanare.com\/index.php?rest_route=%2Fwp%2Fv2%2Fcomments&post=18847"}],"version-history":[{"count":1,"href":"https:\/\/tropicanacasanare.com\/index.php?rest_route=\/wp\/v2\/posts\/18847\/revisions"}],"predecessor-version":[{"id":18850,"href":"https:\/\/tropicanacasanare.com\/index.php?rest_route=\/wp\/v2\/posts\/18847\/revisions\/18850"}],"wp:featuredmedia":[{"embeddable":true,"href":"https:\/\/tropicanacasanare.com\/index.php?rest_route=\/wp\/v2\/media\/18849"}],"wp:attachment":[{"href":"https:\/\/tropicanacasanare.com\/index.php?rest_route=%2Fwp%2Fv2%2Fmedia&parent=18847"}],"wp:term":[{"taxonomy":"category","embeddable":true,"href":"https:\/\/tropicanacasanare.com\/index.php?rest_route=%2Fwp%2Fv2%2Fcategories&post=18847"},{"taxonomy":"post_tag","embeddable":true,"href":"https:\/\/tropicanacasanare.com\/index.php?rest_route=%2Fwp%2Fv2%2Ftags&post=18847"}],"curies":[{"name":"wp","href":"https:\/\/api.w.org\/{rel}","templated":true}]}}