{"id":18854,"date":"2026-08-31T11:54:27","date_gmt":"2026-08-31T16:54:27","guid":{"rendered":"https:\/\/tropicanacasanare.com\/?p=18854"},"modified":"2026-08-31T11:54:27","modified_gmt":"2026-08-31T16:54:27","slug":"abogada-de-david-murcia-cuestiona-su-traslado-a-una-carcel-de-maxima-seguridad-y-advierte-posibles-represalias","status":"publish","type":"post","link":"https:\/\/tropicanacasanare.com\/?p=18854","title":{"rendered":"Abogada de David Murcia cuestiona su traslado a una c\u00e1rcel de m\u00e1xima seguridad y advierte posibles represalias"},"content":{"rendered":"\n<p class=\"wp-block-paragraph\">\ud83d\udea8\u2696\ufe0f El traslado de David Murcia Guzm\u00e1n, fundador de la extinta DMG, a una c\u00e1rcel de m\u00e1xima seguridad volvi\u00f3 a generar controversia en Colombia. Su abogada, Sondra Macollins, cuestion\u00f3 la decisi\u00f3n y plante\u00f3 que el cambio de establecimiento penitenciario podr\u00eda estar relacionado con las declaraciones que Murcia ha entregado sobre el hoy presidente de la Rep\u00fablica, Abelardo de la Espriella. \ud83c\udfdb\ufe0f\ud83c\udde8\ud83c\uddf4<\/p>\n\n\n\n<figure class=\"wp-block-image size-full\"><img loading=\"lazy\" decoding=\"async\" width=\"992\" height=\"558\" src=\"https:\/\/tropicanacasanare.com\/wp-content\/uploads\/2026\/08\/image-126.png\" alt=\"\" class=\"wp-image-18855\" srcset=\"https:\/\/tropicanacasanare.com\/wp-content\/uploads\/2026\/08\/image-126.png 992w, https:\/\/tropicanacasanare.com\/wp-content\/uploads\/2026\/08\/image-126-300x169.png 300w, https:\/\/tropicanacasanare.com\/wp-content\/uploads\/2026\/08\/image-126-768x432.png 768w\" sizes=\"auto, (max-width: 992px) 100vw, 992px\" \/><\/figure>\n\n\n\n<p class=\"wp-block-paragraph\">Murcia Guzm\u00e1n fue trasladado el s\u00e1bado 29 de agosto desde la c\u00e1rcel La Picota, en Bogot\u00e1, hasta el establecimiento penitenciario de m\u00e1xima seguridad de Palogordo, ubicado en Gir\u00f3n, Santander. El movimiento se produjo mientras el empresario contin\u00faa cumpliendo una condena de 22 a\u00f1os, 10 meses y 15 d\u00edas por los delitos de lavado de activos y captaci\u00f3n masiva y habitual de dinero.<\/p>\n\n\n\n<p class=\"wp-block-paragraph\">De acuerdo con la informaci\u00f3n conocida, el traslado se realiz\u00f3 durante la tarde del s\u00e1bado y, una vez lleg\u00f3 al nuevo centro penitenciario, Murcia fue valorado por personal m\u00e9dico. Hasta el momento no se ha precisado en qu\u00e9 pabell\u00f3n permanecer\u00e1 recluido dentro de Palogordo.<\/p>\n\n\n\n<p class=\"wp-block-paragraph\">La decisi\u00f3n llam\u00f3 especialmente la atenci\u00f3n de su defensa debido al contexto pol\u00edtico que rodea las recientes declaraciones del condenado. Su abogada sostiene que existe la posibilidad de que el traslado constituya una represalia por las afirmaciones que Murcia Guzm\u00e1n ha realizado en relaci\u00f3n con Abelardo de la Espriella durante la campa\u00f1a presidencial.<\/p>\n\n\n\n<p class=\"wp-block-paragraph\">La controversia tiene adem\u00e1s antecedentes relacionados con la relaci\u00f3n entre el hoy presidente y el caso DMG. Seg\u00fan la defensa, el conflicto entre ambos tambi\u00e9n estar\u00eda relacionado con la representaci\u00f3n de v\u00edctimas de la captadora y con recursos que permanecen retenidos como consecuencia del proceso judicial.<\/p>\n\n\n\n<p class=\"wp-block-paragraph\">La abogada Sondra Macollins ha se\u00f1alado que su representado no habr\u00eda hablado anteriormente sobre determinados asuntos por temor a posibles represalias y por las preocupaciones relacionadas con su seguridad. Ahora, despu\u00e9s de que Murcia entregara nuevas declaraciones, la defensa observa con especial atenci\u00f3n la decisi\u00f3n de trasladarlo a un centro penitenciario de mayor seguridad.<\/p>\n\n\n\n<p class=\"wp-block-paragraph\">David Murcia Guzm\u00e1n es conocido por haber creado DMG Grupo Holding S.A., estructura que termin\u00f3 siendo intervenida por las autoridades colombianas. Su proceso judicial deriv\u00f3 en condenas relacionadas con la captaci\u00f3n ilegal de recursos y el lavado de activos, delitos por los que contin\u00faa privado de la libertad.<\/p>\n\n\n\n<p class=\"wp-block-paragraph\">Durante los \u00faltimos a\u00f1os, el caso DMG ha permanecido como uno de los procesos financieros y judiciales m\u00e1s recordados del pa\u00eds. Ahora, el nombre de Murcia vuelve a ocupar la agenda nacional por las declaraciones que ha realizado y por el traslado desde La Picota hacia una prisi\u00f3n de m\u00e1xima seguridad en Santander.<\/p>\n\n\n\n<p class=\"wp-block-paragraph\">El cambio de establecimiento penitenciario tambi\u00e9n ha generado interrogantes sobre las razones espec\u00edficas que llevaron a las autoridades a tomar la decisi\u00f3n. Mientras la defensa plantea la posibilidad de que exista una relaci\u00f3n con las declaraciones contra el presidente, el traslado se mantiene como una medida penitenciaria que deber\u00e1 ser analizada dentro del contexto de seguridad y cumplimiento de la condena.<\/p>\n\n\n\n<p class=\"wp-block-paragraph\">La situaci\u00f3n pone nuevamente bajo los reflectores la relaci\u00f3n entre el caso DMG, las actuaciones judiciales contra Murcia Guzm\u00e1n y las declaraciones que involucran a figuras de alto nivel de la pol\u00edtica nacional.<\/p>\n\n\n\n<p class=\"wp-block-paragraph\">Por ahora, el fundador de DMG permanece recluido en Palogordo, mientras su defensa contin\u00faa cuestionando las circunstancias que rodearon su traslado y plantea la necesidad de establecer si la medida respondi\u00f3 exclusivamente a razones penitenciarias o si tuvo alguna relaci\u00f3n con las declaraciones que recientemente han vuelto a poner a David Murcia en el centro de la discusi\u00f3n p\u00fablica.<\/p>\n","protected":false},"excerpt":{"rendered":"<p>\ud83d\udea8\u2696\ufe0f El traslado de David Murcia Guzm\u00e1n, fundador de la extinta DMG, a una c\u00e1rcel de m\u00e1xima seguridad volvi\u00f3 a generar controversia en Colombia. Su abogada, Sondra Macollins, cuestion\u00f3 la decisi\u00f3n y plante\u00f3 que el cambio de establecimiento penitenciario podr\u00eda estar relacionado con las declaraciones que Murcia ha entregado sobre el hoy presidente de la [&hellip;]<\/p>\n","protected":false},"author":10,"featured_media":18855,"comment_status":"closed","ping_status":"open","sticky":false,"template":"","format":"standard","meta":{"footnotes":""},"categories":[2,51],"tags":[],"class_list":["post-18854","post","type-post","status-publish","format-standard","has-post-thumbnail","hentry","category-nacional","category-politica"],"amp_enabled":true,"_links":{"self":[{"href":"https:\/\/tropicanacasanare.com\/index.php?rest_route=\/wp\/v2\/posts\/18854","targetHints":{"allow":["GET"]}}],"collection":[{"href":"https:\/\/tropicanacasanare.com\/index.php?rest_route=\/wp\/v2\/posts"}],"about":[{"href":"https:\/\/tropicanacasanare.com\/index.php?rest_route=\/wp\/v2\/types\/post"}],"author":[{"embeddable":true,"href":"https:\/\/tropicanacasanare.com\/index.php?rest_route=\/wp\/v2\/users\/10"}],"replies":[{"embeddable":true,"href":"https:\/\/tropicanacasanare.com\/index.php?rest_route=%2Fwp%2Fv2%2Fcomments&post=18854"}],"version-history":[{"count":1,"href":"https:\/\/tropicanacasanare.com\/index.php?rest_route=\/wp\/v2\/posts\/18854\/revisions"}],"predecessor-version":[{"id":18856,"href":"https:\/\/tropicanacasanare.com\/index.php?rest_route=\/wp\/v2\/posts\/18854\/revisions\/18856"}],"wp:featuredmedia":[{"embeddable":true,"href":"https:\/\/tropicanacasanare.com\/index.php?rest_route=\/wp\/v2\/media\/18855"}],"wp:attachment":[{"href":"https:\/\/tropicanacasanare.com\/index.php?rest_route=%2Fwp%2Fv2%2Fmedia&parent=18854"}],"wp:term":[{"taxonomy":"category","embeddable":true,"href":"https:\/\/tropicanacasanare.com\/index.php?rest_route=%2Fwp%2Fv2%2Fcategories&post=18854"},{"taxonomy":"post_tag","embeddable":true,"href":"https:\/\/tropicanacasanare.com\/index.php?rest_route=%2Fwp%2Fv2%2Ftags&post=18854"}],"curies":[{"name":"wp","href":"https:\/\/api.w.org\/{rel}","templated":true}]}}