{"id":18860,"date":"2026-08-31T11:59:30","date_gmt":"2026-08-31T16:59:30","guid":{"rendered":"https:\/\/tropicanacasanare.com\/?p=18860"},"modified":"2026-08-31T11:59:30","modified_gmt":"2026-08-31T16:59:30","slug":"accidente-fatal-provoco-fuerte-congestion-en-el-sur-de-bogota-durante-la-manana","status":"publish","type":"post","link":"https:\/\/tropicanacasanare.com\/?p=18860","title":{"rendered":"Accidente fatal provoc\u00f3 fuerte congesti\u00f3n en el sur de Bogot\u00e1 durante la ma\u00f1ana"},"content":{"rendered":"\n<p class=\"wp-block-paragraph\">\ud83d\udea8\ud83d\ude97 Un grave accidente de tr\u00e1nsito registrado durante la madrugada de este lunes 31 de agosto en el suroccidente de Bogot\u00e1 dej\u00f3 una persona muerta y gener\u00f3 importantes complicaciones para la movilidad en el sector. El hecho ocurri\u00f3 en la localidad de Kennedy, en inmediaciones de la avenida de Las Am\u00e9ricas con avenida Boyac\u00e1, donde las labores de las autoridades obligaron a realizar cierres temporales y provocaron largas filas de veh\u00edculos. \ud83c\udfcd\ufe0f\u26a0\ufe0f<\/p>\n\n\n\n<figure class=\"wp-block-image size-full\"><img loading=\"lazy\" decoding=\"async\" width=\"992\" height=\"744\" src=\"https:\/\/tropicanacasanare.com\/wp-content\/uploads\/2026\/08\/image-128.png\" alt=\"\" class=\"wp-image-18861\" srcset=\"https:\/\/tropicanacasanare.com\/wp-content\/uploads\/2026\/08\/image-128.png 992w, https:\/\/tropicanacasanare.com\/wp-content\/uploads\/2026\/08\/image-128-300x225.png 300w, https:\/\/tropicanacasanare.com\/wp-content\/uploads\/2026\/08\/image-128-768x576.png 768w\" sizes=\"auto, (max-width: 992px) 100vw, 992px\" \/><\/figure>\n\n\n\n<p class=\"wp-block-paragraph\">El siniestro se present\u00f3 aproximadamente a las 5:18 de la ma\u00f1ana, en sentido oriente-occidente, y estuvo involucrado un motociclista y un peat\u00f3n. De acuerdo con la informaci\u00f3n preliminar entregada por la Secretar\u00eda de Movilidad de Bogot\u00e1, el peat\u00f3n habr\u00eda descendido de la zona de la estaci\u00f3n de TransMilenio o intentado ingresar a ella y, al atravesar uno de los carriles destinados al tr\u00e1nsito mixto, fue impactado por la motocicleta.<\/p>\n\n\n\n<p class=\"wp-block-paragraph\">Al llegar los organismos de emergencia al lugar, los param\u00e9dicos confirmaron que el peat\u00f3n ya no ten\u00eda signos vitales. El conductor de la motocicleta, por su parte, result\u00f3 herido y fue trasladado a un centro asistencial cercano para recibir atenci\u00f3n m\u00e9dica.<\/p>\n\n\n\n<p class=\"wp-block-paragraph\">Las circunstancias exactas que provocaron el accidente todav\u00eda son materia de investigaci\u00f3n. Las autoridades deber\u00e1n establecer, entre otros aspectos, la velocidad a la que se desplazaba la motocicleta y las condiciones en las que se produjo el cruce del peat\u00f3n por la v\u00eda.<\/p>\n\n\n\n<p class=\"wp-block-paragraph\">Debido a la fatalidad, fue necesaria la presencia de unidades especializadas de criminal\u00edstica para realizar el levantamiento del cuerpo y adelantar los procedimientos correspondientes para establecer plenamente la identidad de la v\u00edctima.<\/p>\n\n\n\n<p class=\"wp-block-paragraph\">La situaci\u00f3n tuvo un impacto inmediato en la movilidad del sector. Cerca de las 5:50 de la ma\u00f1ana, las autoridades suspendieron el contraflujo que funcionaba sobre la avenida de Las Am\u00e9ricas, mientras se adelantaban las labores judiciales en el lugar del accidente.<\/p>\n\n\n\n<p class=\"wp-block-paragraph\">Ante el cierre, la Secretar\u00eda de Movilidad recomend\u00f3 a los conductores utilizar corredores alternativos como la calle 13 y la avenida Primero de Mayo para evitar la zona afectada y reducir el impacto sobre el tr\u00e1fico.<\/p>\n\n\n\n<p class=\"wp-block-paragraph\">Hacia las 6:24 de la ma\u00f1ana, integrantes del laboratorio de criminal\u00edstica de la Polic\u00eda llegaron al punto y comenzaron las labores de inspecci\u00f3n y recolecci\u00f3n de informaci\u00f3n. Durante este procedimiento, los conductores que transitaban por el sector enfrentaron importantes retrasos y se registraron largas filas de veh\u00edculos en las v\u00edas cercanas.<\/p>\n\n\n\n<p class=\"wp-block-paragraph\">El accidente ocurri\u00f3 adem\u00e1s en una zona de alta circulaci\u00f3n, por lo que la intervenci\u00f3n de las autoridades tuvo repercusiones sobre varios corredores utilizados diariamente por miles de ciudadanos para desplazarse entre diferentes sectores del sur y suroccidente de la capital.<\/p>\n\n\n\n<p class=\"wp-block-paragraph\">Despu\u00e9s de aproximadamente dos horas de trabajo, las labores de criminal\u00edstica concluyeron. A las 7:35 de la ma\u00f1ana, la Secretar\u00eda de Movilidad inform\u00f3 que se levantaba el cierre y que nuevamente se habilitaba el tr\u00e1nsito por la avenida de Las Am\u00e9ricas.<\/p>\n\n\n\n<p class=\"wp-block-paragraph\">Poco despu\u00e9s, alrededor de las 7:50 de la ma\u00f1ana, las autoridades reportaron que tambi\u00e9n hab\u00eda sido restablecido el contraflujo. Para ese momento, el flujo vehicular era considerado medio y la circulaci\u00f3n comenzaba a recuperar sus condiciones habituales.<\/p>\n\n\n\n<p class=\"wp-block-paragraph\">El accidente vuelve a poner sobre la mesa la importancia de extremar las medidas de precauci\u00f3n en corredores de alto tr\u00e1fico, especialmente en sectores donde confluyen motociclistas, peatones, veh\u00edculos particulares y usuarios del sistema de transporte p\u00fablico.<\/p>\n\n\n\n<p class=\"wp-block-paragraph\">Mientras avanzan las investigaciones para determinar con precisi\u00f3n c\u00f3mo ocurri\u00f3 el siniestro, las autoridades reiteraron la necesidad de que todos los actores viales respeten las se\u00f1ales de tr\u00e1nsito y mantengan especial atenci\u00f3n al circular por zonas cercanas a estaciones y cruces de alta circulaci\u00f3n.<\/p>\n","protected":false},"excerpt":{"rendered":"<p>\ud83d\udea8\ud83d\ude97 Un grave accidente de tr\u00e1nsito registrado durante la madrugada de este lunes 31 de agosto en el suroccidente de Bogot\u00e1 dej\u00f3 una persona muerta y gener\u00f3 importantes complicaciones para la movilidad en el sector. El hecho ocurri\u00f3 en la localidad de Kennedy, en inmediaciones de la avenida de Las Am\u00e9ricas con avenida Boyac\u00e1, donde [&hellip;]<\/p>\n","protected":false},"author":10,"featured_media":18861,"comment_status":"closed","ping_status":"open","sticky":false,"template":"","format":"standard","meta":{"footnotes":""},"categories":[52,2],"tags":[],"class_list":["post-18860","post","type-post","status-publish","format-standard","has-post-thumbnail","hentry","category-judicial","category-nacional"],"amp_enabled":true,"_links":{"self":[{"href":"https:\/\/tropicanacasanare.com\/index.php?rest_route=\/wp\/v2\/posts\/18860","targetHints":{"allow":["GET"]}}],"collection":[{"href":"https:\/\/tropicanacasanare.com\/index.php?rest_route=\/wp\/v2\/posts"}],"about":[{"href":"https:\/\/tropicanacasanare.com\/index.php?rest_route=\/wp\/v2\/types\/post"}],"author":[{"embeddable":true,"href":"https:\/\/tropicanacasanare.com\/index.php?rest_route=\/wp\/v2\/users\/10"}],"replies":[{"embeddable":true,"href":"https:\/\/tropicanacasanare.com\/index.php?rest_route=%2Fwp%2Fv2%2Fcomments&post=18860"}],"version-history":[{"count":1,"href":"https:\/\/tropicanacasanare.com\/index.php?rest_route=\/wp\/v2\/posts\/18860\/revisions"}],"predecessor-version":[{"id":18862,"href":"https:\/\/tropicanacasanare.com\/index.php?rest_route=\/wp\/v2\/posts\/18860\/revisions\/18862"}],"wp:featuredmedia":[{"embeddable":true,"href":"https:\/\/tropicanacasanare.com\/index.php?rest_route=\/wp\/v2\/media\/18861"}],"wp:attachment":[{"href":"https:\/\/tropicanacasanare.com\/index.php?rest_route=%2Fwp%2Fv2%2Fmedia&parent=18860"}],"wp:term":[{"taxonomy":"category","embeddable":true,"href":"https:\/\/tropicanacasanare.com\/index.php?rest_route=%2Fwp%2Fv2%2Fcategories&post=18860"},{"taxonomy":"post_tag","embeddable":true,"href":"https:\/\/tropicanacasanare.com\/index.php?rest_route=%2Fwp%2Fv2%2Ftags&post=18860"}],"curies":[{"name":"wp","href":"https:\/\/api.w.org\/{rel}","templated":true}]}}