{"id":18863,"date":"2026-09-01T17:58:10","date_gmt":"2026-09-01T22:58:10","guid":{"rendered":"https:\/\/tropicanacasanare.com\/?p=18863"},"modified":"2026-09-01T17:58:10","modified_gmt":"2026-09-01T22:58:10","slug":"miguel-quintero-tendra-una-nueva-audiencia-de-imputacion-tras-aplazamiento-por-conflicto-de-competencia","status":"publish","type":"post","link":"https:\/\/tropicanacasanare.com\/?p=18863","title":{"rendered":"Miguel Quintero tendr\u00e1 una nueva audiencia de imputaci\u00f3n tras aplazamiento por conflicto de competencia"},"content":{"rendered":"\n<p class=\"wp-block-paragraph\">\u2696\ufe0f\ud83d\udea8 La justicia volvi\u00f3 a fijar una nueva fecha para la audiencia de imputaci\u00f3n de cargos contra Miguel Andr\u00e9s Quintero Calle, hermano del exalcalde de Medell\u00edn Daniel Quintero. La diligencia qued\u00f3 programada para el pr\u00f3ximo 10 de septiembre a las 2:30 de la tarde, despu\u00e9s de que la audiencia prevista para el 31 de agosto no pudiera avanzar debido a una objeci\u00f3n presentada por la defensa sobre el despacho encargado del proceso. \ud83c\udde8\ud83c\uddf4\ud83c\udfdb\ufe0f<\/p>\n\n\n\n<figure class=\"wp-block-image size-full\"><img loading=\"lazy\" decoding=\"async\" width=\"768\" height=\"577\" src=\"https:\/\/tropicanacasanare.com\/wp-content\/uploads\/2026\/09\/image.png\" alt=\"\" class=\"wp-image-18864\" srcset=\"https:\/\/tropicanacasanare.com\/wp-content\/uploads\/2026\/09\/image.png 768w, https:\/\/tropicanacasanare.com\/wp-content\/uploads\/2026\/09\/image-300x225.png 300w\" sizes=\"auto, (max-width: 768px) 100vw, 768px\" \/><\/figure>\n\n\n\n<p class=\"wp-block-paragraph\">La nueva cita judicial ser\u00e1 ante el Juzgado 27 Penal Municipal con Funci\u00f3n de Control de Garant\u00edas de Medell\u00edn. Se trata de la cuarta fecha establecida para realizar la audiencia, en la que la Fiscal\u00eda pretende formular cargos contra Quintero y otros tres investigados por presuntas irregularidades relacionadas con contratos del \u00c1rea Metropolitana del Valle de Aburr\u00e1, AMVA.<\/p>\n\n\n\n<p class=\"wp-block-paragraph\">La diligencia del pasado lunes hab\u00eda comenzado despu\u00e9s de que el proceso fuera trasladado temporalmente a otro despacho debido a la incapacidad m\u00e9dica de la jueza titular del Juzgado 27. Por esta raz\u00f3n, la audiencia pas\u00f3 al Juzgado 39 Penal Municipal de Medell\u00edn, donde finalmente se present\u00f3 el inconveniente que termin\u00f3 impidiendo la imputaci\u00f3n.<\/p>\n\n\n\n<p class=\"wp-block-paragraph\">Durante la instalaci\u00f3n de la audiencia, el abogado Santiago Trespalacios, defensor de Miguel Quintero, cuestion\u00f3 el procedimiento utilizado para asignar el caso al nuevo juzgado. El jurista argument\u00f3 que deb\u00edan respetarse las reglas establecidas para la distribuci\u00f3n y asignaci\u00f3n de este tipo de diligencias judiciales.<\/p>\n\n\n\n<p class=\"wp-block-paragraph\">La defensa sostuvo que el traslado del proceso no pod\u00eda hacerse de manera inmediata bajo las circunstancias en las que se produjo y solicit\u00f3 que se revisara la competencia del despacho que hab\u00eda recibido la audiencia.<\/p>\n\n\n\n<p class=\"wp-block-paragraph\">La jueza 39 analiz\u00f3 los argumentos planteados por el abogado y consult\u00f3 la posici\u00f3n de las dem\u00e1s partes involucradas. Aunque la Fiscal\u00eda, la Procuradur\u00eda y el representante del \u00c1rea Metropolitana se opusieron a la solicitud y pidieron que la audiencia continuara, la jueza termin\u00f3 acogiendo los argumentos relacionados con el procedimiento de asignaci\u00f3n.<\/p>\n\n\n\n<p class=\"wp-block-paragraph\">En consecuencia, determin\u00f3 que el expediente deb\u00eda regresar al despacho correspondiente y que la audiencia ten\u00eda que ser programada nuevamente ante el Juzgado 27 Penal Municipal con Funci\u00f3n de Control de Garant\u00edas.<\/p>\n\n\n\n<p class=\"wp-block-paragraph\">La decisi\u00f3n significa que, por ahora, Miguel Quintero no ha recibido formalmente los cargos que la Fiscal\u00eda pretende formular en su contra. La pr\u00f3xima diligencia ser\u00e1 entonces la cuarta oportunidad en la que las autoridades judiciales intentar\u00e1n avanzar con la imputaci\u00f3n.<\/p>\n\n\n\n<h3 class=\"wp-block-heading\">\u00bfDe qu\u00e9 investigaci\u00f3n hace parte Miguel Quintero?<\/h3>\n\n\n\n<p class=\"wp-block-paragraph\">El proceso est\u00e1 relacionado con una investigaci\u00f3n de la Fiscal\u00eda por presuntas irregularidades en la contrataci\u00f3n del \u00c1rea Metropolitana del Valle de Aburr\u00e1 durante el periodo 2020-2021.<\/p>\n\n\n\n<p class=\"wp-block-paragraph\">Seg\u00fan la hip\u00f3tesis del ente acusador, se habr\u00edan presentado actuaciones irregulares alrededor de seis contratos suscritos entre el AMVA y el Cuerpo de Bomberos Voluntarios de Itag\u00fc\u00ed, cuyo valor conjunto supera los 17.000 millones de pesos.<\/p>\n\n\n\n<p class=\"wp-block-paragraph\">Dentro del proceso tambi\u00e9n aparecen \u00c1lvaro Alonso Villada Garc\u00eda, exsubdirector financiero del \u00c1rea Metropolitana; Vanessa \u00c1lvarez Restrepo, exasesora jur\u00eddica de la entidad y exsecretaria de Medio Ambiente de Medell\u00edn; y Sebasti\u00e1n de Dios Ortega, quienes fueron citados junto con Miguel Quintero a la audiencia de imputaci\u00f3n.<\/p>\n\n\n\n<p class=\"wp-block-paragraph\">La Fiscal\u00eda busca atribuirles, de acuerdo con la responsabilidad que establezca para cada uno, los delitos de inter\u00e9s indebido en la celebraci\u00f3n de contratos y peculado por apropiaci\u00f3n.<\/p>\n\n\n\n<p class=\"wp-block-paragraph\">La investigaci\u00f3n sostiene que algunos contratos habr\u00edan sido direccionados para beneficiar intereses particulares y que alrededor de estas actuaciones se habr\u00edan producido presuntas comisiones econ\u00f3micas.<\/p>\n\n\n\n<p class=\"wp-block-paragraph\">El caso ha avanzado por diferentes v\u00edas judiciales y ya cuenta con personas que han aceptado responsabilidad dentro de investigaciones relacionadas. Esto ha permitido a la Fiscal\u00eda obtener testimonios y elementos que ahora hacen parte del expediente contra los nuevos investigados.<\/p>\n\n\n\n<h3 class=\"wp-block-heading\">Fiscal\u00eda tambi\u00e9n busca una medida de aseguramiento<\/h3>\n\n\n\n<p class=\"wp-block-paragraph\">Adem\u00e1s de la imputaci\u00f3n de cargos, la Fiscal\u00eda tiene previsto solicitar una medida de aseguramiento contra Miguel Quintero y los dem\u00e1s investigados. Esto significa que, una vez se realice la audiencia y se presenten formalmente las acusaciones, el ente investigador podr\u00e1 solicitar al juez que determine si existen razones suficientes para imponer una medida restrictiva de la libertad.<\/p>\n\n\n\n<p class=\"wp-block-paragraph\">La decisi\u00f3n final, sin embargo, corresponder\u00e1 al juez de control de garant\u00edas y depender\u00e1 de los argumentos presentados por la Fiscal\u00eda, las defensas y las dem\u00e1s partes que intervengan durante la diligencia.<\/p>\n\n\n\n<p class=\"wp-block-paragraph\">El proceso ha adquirido especial relevancia pol\u00edtica debido a que Miguel Quintero es hermano del exalcalde de Medell\u00edn Daniel Quintero, quien ha rechazado las acusaciones y ha cuestionado p\u00fablicamente el proceso judicial contra su familiar.<\/p>\n\n\n\n<p class=\"wp-block-paragraph\">Por su parte, el alcalde de Medell\u00edn, Federico Guti\u00e9rrez, ha manifestado su respaldo a que las investigaciones avancen y ha se\u00f1alado en diferentes oportunidades la importancia de que se establezcan responsabilidades frente a las presuntas irregularidades ocurridas durante administraciones anteriores.<\/p>\n\n\n\n<h3 class=\"wp-block-heading\">Una audiencia que ha sido aplazada en varias oportunidades<\/h3>\n\n\n\n<p class=\"wp-block-paragraph\">La audiencia contra Miguel Quintero inicialmente hab\u00eda sido programada para el 3 de agosto. Posteriormente fue trasladada al 25 de agosto y despu\u00e9s al 31 de agosto, debido a diferentes situaciones relacionadas con la preparaci\u00f3n del proceso y solicitudes presentadas por las partes.<\/p>\n\n\n\n<p class=\"wp-block-paragraph\">La diligencia del 31 de agosto finalmente comenz\u00f3, pero no pudo continuar debido al cuestionamiento presentado por la defensa sobre la competencia del juzgado que hab\u00eda asumido temporalmente el caso.<\/p>\n\n\n\n<p class=\"wp-block-paragraph\">Ahora, con la nueva programaci\u00f3n, la atenci\u00f3n estar\u00e1 puesta en el 10 de septiembre, fecha en la que la Fiscal\u00eda buscar\u00e1 finalmente avanzar con la imputaci\u00f3n ante el despacho que inicialmente ten\u00eda asignado el proceso.<\/p>\n\n\n\n<p class=\"wp-block-paragraph\">La audiencia ser\u00e1 clave para determinar si el caso logra superar los obst\u00e1culos procesales que han impedido hasta ahora la formulaci\u00f3n formal de cargos contra Miguel Quintero y los otros investigados.<\/p>\n\n\n\n<p class=\"wp-block-paragraph\">Mientras llega la nueva fecha, el proceso contin\u00faa abierto y las autoridades deber\u00e1n resolver los aspectos de competencia y procedimiento que generaron el \u00faltimo aplazamiento. La expectativa estar\u00e1 centrada en si esta cuarta programaci\u00f3n permitir\u00e1 finalmente que la Fiscal\u00eda exponga ante un juez las acusaciones que mantiene dentro de la investigaci\u00f3n por los contratos del \u00c1rea Metropolitana del Valle de Aburr\u00e1.<\/p>\n","protected":false},"excerpt":{"rendered":"<p>\u2696\ufe0f\ud83d\udea8 La justicia volvi\u00f3 a fijar una nueva fecha para la audiencia de imputaci\u00f3n de cargos contra Miguel Andr\u00e9s Quintero Calle, hermano del exalcalde de Medell\u00edn Daniel Quintero. La diligencia qued\u00f3 programada para el pr\u00f3ximo 10 de septiembre a las 2:30 de la tarde, despu\u00e9s de que la audiencia prevista para el 31 de agosto [&hellip;]<\/p>\n","protected":false},"author":10,"featured_media":18864,"comment_status":"closed","ping_status":"open","sticky":false,"template":"","format":"standard","meta":{"footnotes":""},"categories":[2,51],"tags":[],"class_list":["post-18863","post","type-post","status-publish","format-standard","has-post-thumbnail","hentry","category-nacional","category-politica"],"amp_enabled":true,"_links":{"self":[{"href":"https:\/\/tropicanacasanare.com\/index.php?rest_route=\/wp\/v2\/posts\/18863","targetHints":{"allow":["GET"]}}],"collection":[{"href":"https:\/\/tropicanacasanare.com\/index.php?rest_route=\/wp\/v2\/posts"}],"about":[{"href":"https:\/\/tropicanacasanare.com\/index.php?rest_route=\/wp\/v2\/types\/post"}],"author":[{"embeddable":true,"href":"https:\/\/tropicanacasanare.com\/index.php?rest_route=\/wp\/v2\/users\/10"}],"replies":[{"embeddable":true,"href":"https:\/\/tropicanacasanare.com\/index.php?rest_route=%2Fwp%2Fv2%2Fcomments&post=18863"}],"version-history":[{"count":1,"href":"https:\/\/tropicanacasanare.com\/index.php?rest_route=\/wp\/v2\/posts\/18863\/revisions"}],"predecessor-version":[{"id":18865,"href":"https:\/\/tropicanacasanare.com\/index.php?rest_route=\/wp\/v2\/posts\/18863\/revisions\/18865"}],"wp:featuredmedia":[{"embeddable":true,"href":"https:\/\/tropicanacasanare.com\/index.php?rest_route=\/wp\/v2\/media\/18864"}],"wp:attachment":[{"href":"https:\/\/tropicanacasanare.com\/index.php?rest_route=%2Fwp%2Fv2%2Fmedia&parent=18863"}],"wp:term":[{"taxonomy":"category","embeddable":true,"href":"https:\/\/tropicanacasanare.com\/index.php?rest_route=%2Fwp%2Fv2%2Fcategories&post=18863"},{"taxonomy":"post_tag","embeddable":true,"href":"https:\/\/tropicanacasanare.com\/index.php?rest_route=%2Fwp%2Fv2%2Ftags&post=18863"}],"curies":[{"name":"wp","href":"https:\/\/api.w.org\/{rel}","templated":true}]}}