{"id":18872,"date":"2026-09-01T18:09:01","date_gmt":"2026-09-01T23:09:01","guid":{"rendered":"https:\/\/tropicanacasanare.com\/?p=18872"},"modified":"2026-09-01T18:09:02","modified_gmt":"2026-09-01T23:09:02","slug":"fiscalia-reactiva-ordenes-de-captura-contra-calarca-walter-mendoza-y-otros-44-integrantes-de-grupos-armados","status":"publish","type":"post","link":"https:\/\/tropicanacasanare.com\/?p=18872","title":{"rendered":"Fiscal\u00eda reactiva \u00f3rdenes de captura contra Calarc\u00e1, Walter Mendoza y otros 44 integrantes de grupos armados"},"content":{"rendered":"\n<p class=\"wp-block-paragraph\">\ud83d\udea8\u2696\ufe0f La Fiscal\u00eda General de la Naci\u00f3n orden\u00f3 reactivar las \u00f3rdenes de captura contra 46 integrantes de diferentes estructuras armadas ilegales, entre ellos Alexander D\u00edaz Mendoza, alias Calarc\u00e1 C\u00f3rdoba, y Jos\u00e9 Vicente Lesmes, conocido como Walter Mendoza. La decisi\u00f3n se produce despu\u00e9s de que el Gobierno nacional diera por terminadas las mesas de di\u00e1logo con estas organizaciones y retirara los reconocimientos que les permit\u00edan participar como voceros en los procesos de paz. \ud83c\udde8\ud83c\uddf4\ud83d\udee1\ufe0f<\/p>\n\n\n\n<figure class=\"wp-block-image size-full\"><img loading=\"lazy\" decoding=\"async\" width=\"780\" height=\"565\" src=\"https:\/\/tropicanacasanare.com\/wp-content\/uploads\/2026\/09\/image-3.png\" alt=\"\" class=\"wp-image-18873\" srcset=\"https:\/\/tropicanacasanare.com\/wp-content\/uploads\/2026\/09\/image-3.png 780w, https:\/\/tropicanacasanare.com\/wp-content\/uploads\/2026\/09\/image-3-300x217.png 300w, https:\/\/tropicanacasanare.com\/wp-content\/uploads\/2026\/09\/image-3-768x556.png 768w\" sizes=\"auto, (max-width: 780px) 100vw, 780px\" \/><\/figure>\n\n\n\n<p class=\"wp-block-paragraph\">La determinaci\u00f3n fue adoptada mediante la Resoluci\u00f3n 0-0263, firmada por la fiscal general de la Naci\u00f3n, Luz Adriana Camargo Garz\u00f3n. El documento establece que las \u00f3rdenes de captura que hab\u00edan sido suspendidas durante los acercamientos con las estructuras armadas vuelven a tener vigencia.<\/p>\n\n\n\n<p class=\"wp-block-paragraph\">En total, la medida cobija a 46 personas pertenecientes a tres organizaciones: el Estado Mayor de Bloques y Frentes, EMBF; la Coordinadora Nacional Ej\u00e9rcito Bolivariano, CNEB; y las Autodefensas Conquistadoras de la Sierra Nevada, ACSN.<\/p>\n\n\n\n<p class=\"wp-block-paragraph\">La decisi\u00f3n de la Fiscal\u00eda est\u00e1 directamente relacionada con el cambio de pol\u00edtica del nuevo Gobierno frente a las negociaciones de la denominada Paz Total. El presidente Abelardo de la Espriella anunci\u00f3 el cierre de varias mesas de conversaci\u00f3n al considerar que las organizaciones armadas no demostraron una voluntad suficiente de abandonar las actividades criminales y avanzar hacia una verdadera desmovilizaci\u00f3n.<\/p>\n\n\n\n<p class=\"wp-block-paragraph\">Con el fin de las negociaciones, desapareci\u00f3 tambi\u00e9n el contexto jur\u00eddico que hab\u00eda permitido suspender temporalmente algunas \u00f3rdenes de captura contra los representantes de estas estructuras.<\/p>\n\n\n\n<h3 class=\"wp-block-heading\">Calarc\u00e1 vuelve a quedar bajo orden de captura<\/h3>\n\n\n\n<p class=\"wp-block-paragraph\">Uno de los nombres m\u00e1s relevantes de la lista es Alexander D\u00edaz Mendoza, alias Calarc\u00e1 C\u00f3rdoba, se\u00f1alado como uno de los principales l\u00edderes del Estado Mayor de Bloques y Frentes.<\/p>\n\n\n\n<p class=\"wp-block-paragraph\">La orden de captura contra el jefe disidente hab\u00eda sido objeto de una amplia controversia durante los \u00faltimos meses. La Fiscal\u00eda hab\u00eda advertido previamente que la suspensi\u00f3n de esta medida judicial estaba condicionada a que Calarc\u00e1 cumpliera con los compromisos derivados de su participaci\u00f3n en los di\u00e1logos y no incurriera en nuevas acciones delictivas.<\/p>\n\n\n\n<p class=\"wp-block-paragraph\">La Ley 2272 de 2022 contempla la posibilidad de suspender \u00f3rdenes de captura en determinados procesos de di\u00e1logo, pero este beneficio est\u00e1 sujeto al cumplimiento de condiciones espec\u00edficas. La Fiscal\u00eda hab\u00eda sostenido que, si estas condiciones dejaban de cumplirse, las \u00f3rdenes pod\u00edan ser reactivadas.<\/p>\n\n\n\n<p class=\"wp-block-paragraph\">Ahora, con la terminaci\u00f3n oficial de las conversaciones, la situaci\u00f3n jur\u00eddica de Calarc\u00e1 cambia nuevamente y las autoridades pueden proceder a ejecutar la orden de captura que hab\u00eda permanecido suspendida.<\/p>\n\n\n\n<h3 class=\"wp-block-heading\">Walter Mendoza tambi\u00e9n est\u00e1 en la lista<\/h3>\n\n\n\n<p class=\"wp-block-paragraph\">Otro de los dirigentes incluidos en la resoluci\u00f3n es Jos\u00e9 Vicente Lesmes, alias Walter Mendoza, quien hab\u00eda participado como representante de una estructura armada dentro de los procesos de negociaci\u00f3n con el Estado.<\/p>\n\n\n\n<p class=\"wp-block-paragraph\">Su inclusi\u00f3n significa que tambi\u00e9n queda nuevamente expuesto a una eventual captura por parte de las autoridades, luego de que durante el periodo de conversaciones contara con las condiciones especiales derivadas de su reconocimiento como gestor o vocero de paz.<\/p>\n\n\n\n<p class=\"wp-block-paragraph\">La medida tambi\u00e9n alcanza a otros integrantes de las organizaciones que hab\u00edan recibido un tratamiento judicial especial mientras permanec\u00edan vinculados a los procesos de di\u00e1logo.<\/p>\n\n\n\n<h3 class=\"wp-block-heading\">Una decisi\u00f3n que cambia el escenario de la Paz Total<\/h3>\n\n\n\n<p class=\"wp-block-paragraph\">La reactivaci\u00f3n de las \u00f3rdenes de captura representa un giro significativo frente a la pol\u00edtica implementada durante el Gobierno anterior. La administraci\u00f3n de Gustavo Petro hab\u00eda utilizado la suspensi\u00f3n de \u00f3rdenes judiciales como uno de los mecanismos para facilitar la participaci\u00f3n de representantes de grupos armados en las mesas de negociaci\u00f3n.<\/p>\n\n\n\n<p class=\"wp-block-paragraph\">Sin embargo, el nuevo Gobierno decidi\u00f3 cerrar tres procesos de di\u00e1logo y retirar los reconocimientos otorgados a sus integrantes. Entre las estructuras afectadas se encuentran el Estado Mayor de Bloques y Frentes, los Comandos de la Frontera y las Autodefensas Conquistadoras de la Sierra Nevada.<\/p>\n\n\n\n<p class=\"wp-block-paragraph\">La decisi\u00f3n tambi\u00e9n se suma a otras medidas adoptadas recientemente contra integrantes de organizaciones armadas, entre ellas la autorizaci\u00f3n de extradiciones de varios cabecillas que anteriormente hab\u00edan tenido sus procesos suspendidos debido a su participaci\u00f3n en las negociaciones.<\/p>\n\n\n\n<p class=\"wp-block-paragraph\">De esta manera, el Gobierno busca regresar a una estrategia centrada en la persecuci\u00f3n judicial y militar de las organizaciones que contin\u00faen desarrollando actividades ilegales.<\/p>\n\n\n\n<h3 class=\"wp-block-heading\">La Fiscal\u00eda hab\u00eda advertido sobre el incumplimiento<\/h3>\n\n\n\n<p class=\"wp-block-paragraph\">El caso de Calarc\u00e1 ya hab\u00eda generado tensi\u00f3n entre la Fiscal\u00eda y el Gobierno nacional antes de que se produjera la decisi\u00f3n definitiva.<\/p>\n\n\n\n<p class=\"wp-block-paragraph\">En marzo de este a\u00f1o, la fiscal general hab\u00eda anunciado que se realizar\u00eda una evaluaci\u00f3n jur\u00eddica para establecer si exist\u00edan razones suficientes para reactivar la orden de captura contra el jefe disidente. La discusi\u00f3n estaba relacionada con los hechos violentos atribuidos a integrantes de su estructura y con el cumplimiento de las condiciones que permitieron suspender la medida judicial.<\/p>\n\n\n\n<p class=\"wp-block-paragraph\">La Fiscal\u00eda incluso hab\u00eda presentado argumentos relacionados con varios hechos violentos para sustentar que la estructura de Calarc\u00e1 podr\u00eda haber incumplido las condiciones que le permit\u00edan mantenerse dentro del proceso de paz.<\/p>\n\n\n\n<p class=\"wp-block-paragraph\">Entre los casos analizados se encontraban investigaciones por homicidios, ataques contra la Fuerza P\u00fablica y otros hechos ocurridos en diferentes regiones del pa\u00eds.<\/p>\n\n\n\n<p class=\"wp-block-paragraph\">Durante ese periodo, la decisi\u00f3n sobre las \u00f3rdenes de captura fue objeto de conversaciones entre el ente acusador y representantes del Gobierno. En abril, la Fiscal\u00eda hab\u00eda mantenido suspendidas las \u00f3rdenes mientras continuaban las discusiones institucionales sobre el futuro de los di\u00e1logos.<\/p>\n\n\n\n<h3 class=\"wp-block-heading\">Un nuevo escenario para los grupos armados<\/h3>\n\n\n\n<p class=\"wp-block-paragraph\">Con la decisi\u00f3n conocida este martes, las 46 personas incluidas en la resoluci\u00f3n dejan de contar con la protecci\u00f3n jur\u00eddica derivada de la suspensi\u00f3n de las \u00f3rdenes de captura.<\/p>\n\n\n\n<p class=\"wp-block-paragraph\">Esto significa que las autoridades podr\u00e1n ejecutar las medidas judiciales correspondientes cuando logren ubicar a los integrantes de estas organizaciones que permanezcan en territorio nacional y que est\u00e9n cobijados por \u00f3rdenes vigentes.<\/p>\n\n\n\n<p class=\"wp-block-paragraph\">La situaci\u00f3n tambi\u00e9n podr\u00eda tener repercusiones sobre las estructuras armadas que hab\u00edan participado en las conversaciones, pues sus integrantes deber\u00e1n enfrentar nuevamente las actuaciones judiciales que hab\u00edan quedado suspendidas.<\/p>\n\n\n\n<p class=\"wp-block-paragraph\">El Gobierno ha insistido en que el cierre de las mesas responde a la falta de resultados concretos y a la continuidad de actividades criminales por parte de las organizaciones. La decisi\u00f3n marca una diferencia clara frente al enfoque de negociaci\u00f3n utilizado anteriormente.<\/p>\n\n\n\n<h3 class=\"wp-block-heading\">El Gobierno endurece su estrategia de seguridad<\/h3>\n\n\n\n<p class=\"wp-block-paragraph\">La reactivaci\u00f3n de estas \u00f3rdenes de captura ocurre en medio de un endurecimiento de la estrategia de seguridad del Gobierno de Abelardo de la Espriella.<\/p>\n\n\n\n<p class=\"wp-block-paragraph\">En las \u00faltimas semanas, el Ejecutivo tambi\u00e9n ha ordenado operaciones militares contra diferentes grupos armados, incluidos bombardeos contra estructuras de las disidencias de las FARC y acciones contra organizaciones que mantienen presencia en zonas como Catatumbo y Guaviare.<\/p>\n\n\n\n<p class=\"wp-block-paragraph\">A esto se suma la autorizaci\u00f3n de extradiciones de varios cabecillas de organizaciones criminales, lo que evidencia un cambio de rumbo frente a la pol\u00edtica de negociaci\u00f3n que caracteriz\u00f3 al Gobierno anterior.<\/p>\n\n\n\n<p class=\"wp-block-paragraph\">La Fiscal\u00eda, por su parte, retoma ahora las actuaciones judiciales contra los 46 integrantes incluidos en la resoluci\u00f3n.<\/p>\n\n\n\n<p class=\"wp-block-paragraph\">La decisi\u00f3n deja as\u00ed un nuevo panorama para la seguridad y la pol\u00edtica de paz en Colombia: mientras el Gobierno apuesta por desactivar las estructuras armadas mediante acciones militares, judiciales y de extradici\u00f3n, los antiguos voceros de las mesas de di\u00e1logo vuelven a estar bajo el alcance de las \u00f3rdenes de captura que hab\u00edan sido suspendidas durante las negociaciones.<\/p>\n","protected":false},"excerpt":{"rendered":"<p>\ud83d\udea8\u2696\ufe0f La Fiscal\u00eda General de la Naci\u00f3n orden\u00f3 reactivar las \u00f3rdenes de captura contra 46 integrantes de diferentes estructuras armadas ilegales, entre ellos Alexander D\u00edaz Mendoza, alias Calarc\u00e1 C\u00f3rdoba, y Jos\u00e9 Vicente Lesmes, conocido como Walter Mendoza. La decisi\u00f3n se produce despu\u00e9s de que el Gobierno nacional diera por terminadas las mesas de di\u00e1logo con [&hellip;]<\/p>\n","protected":false},"author":10,"featured_media":18873,"comment_status":"closed","ping_status":"open","sticky":false,"template":"","format":"standard","meta":{"footnotes":""},"categories":[52,2],"tags":[],"class_list":["post-18872","post","type-post","status-publish","format-standard","has-post-thumbnail","hentry","category-judicial","category-nacional"],"amp_enabled":true,"_links":{"self":[{"href":"https:\/\/tropicanacasanare.com\/index.php?rest_route=\/wp\/v2\/posts\/18872","targetHints":{"allow":["GET"]}}],"collection":[{"href":"https:\/\/tropicanacasanare.com\/index.php?rest_route=\/wp\/v2\/posts"}],"about":[{"href":"https:\/\/tropicanacasanare.com\/index.php?rest_route=\/wp\/v2\/types\/post"}],"author":[{"embeddable":true,"href":"https:\/\/tropicanacasanare.com\/index.php?rest_route=\/wp\/v2\/users\/10"}],"replies":[{"embeddable":true,"href":"https:\/\/tropicanacasanare.com\/index.php?rest_route=%2Fwp%2Fv2%2Fcomments&post=18872"}],"version-history":[{"count":1,"href":"https:\/\/tropicanacasanare.com\/index.php?rest_route=\/wp\/v2\/posts\/18872\/revisions"}],"predecessor-version":[{"id":18874,"href":"https:\/\/tropicanacasanare.com\/index.php?rest_route=\/wp\/v2\/posts\/18872\/revisions\/18874"}],"wp:featuredmedia":[{"embeddable":true,"href":"https:\/\/tropicanacasanare.com\/index.php?rest_route=\/wp\/v2\/media\/18873"}],"wp:attachment":[{"href":"https:\/\/tropicanacasanare.com\/index.php?rest_route=%2Fwp%2Fv2%2Fmedia&parent=18872"}],"wp:term":[{"taxonomy":"category","embeddable":true,"href":"https:\/\/tropicanacasanare.com\/index.php?rest_route=%2Fwp%2Fv2%2Fcategories&post=18872"},{"taxonomy":"post_tag","embeddable":true,"href":"https:\/\/tropicanacasanare.com\/index.php?rest_route=%2Fwp%2Fv2%2Ftags&post=18872"}],"curies":[{"name":"wp","href":"https:\/\/api.w.org\/{rel}","templated":true}]}}