{"id":18878,"date":"2026-09-01T18:12:30","date_gmt":"2026-09-01T23:12:30","guid":{"rendered":"https:\/\/tropicanacasanare.com\/?p=18878"},"modified":"2026-09-01T18:12:30","modified_gmt":"2026-09-01T23:12:30","slug":"de-la-espriella-posesiono-a-los-nuevos-magistrados-del-cne-y-cuestiono-al-gobierno-petro-por-el-proceso-electoral","status":"publish","type":"post","link":"https:\/\/tropicanacasanare.com\/?p=18878","title":{"rendered":"De la Espriella posesion\u00f3 a los nuevos magistrados del CNE y cuestion\u00f3 al gobierno Petro por el proceso electoral"},"content":{"rendered":"\n<p class=\"wp-block-paragraph\">\ud83d\uddf3\ufe0f\ud83c\udde8\ud83c\uddf4 El presidente Abelardo de la Espriella encabez\u00f3 este martes 1 de septiembre la ceremonia de posesi\u00f3n de los nueve nuevos magistrados del Consejo Nacional Electoral, CNE, en un acto realizado en la sede presidencial ubicada en Barranquilla. Durante su intervenci\u00f3n, el mandatario aprovech\u00f3 para lanzar fuertes cuestionamientos contra la administraci\u00f3n de Gustavo Petro y asegur\u00f3 que durante el anterior gobierno hubo actuaciones que, seg\u00fan su versi\u00f3n, buscaron generar dudas sobre la transparencia y el desarrollo de las elecciones.<\/p>\n\n\n\n<figure class=\"wp-block-image size-full\"><img loading=\"lazy\" decoding=\"async\" width=\"780\" height=\"565\" src=\"https:\/\/tropicanacasanare.com\/wp-content\/uploads\/2026\/09\/image-5.png\" alt=\"\" class=\"wp-image-18879\" srcset=\"https:\/\/tropicanacasanare.com\/wp-content\/uploads\/2026\/09\/image-5.png 780w, https:\/\/tropicanacasanare.com\/wp-content\/uploads\/2026\/09\/image-5-300x217.png 300w, https:\/\/tropicanacasanare.com\/wp-content\/uploads\/2026\/09\/image-5-768x556.png 768w\" sizes=\"auto, (max-width: 780px) 100vw, 780px\" \/><\/figure>\n\n\n\n<p class=\"wp-block-paragraph\">Los nuevos integrantes del organismo electoral asumir\u00e1n un periodo de cuatro a\u00f1os y quedaron oficialmente instalados despu\u00e9s de haber sido elegidos por el Congreso de la Rep\u00fablica la semana pasada. La nueva composici\u00f3n est\u00e1 integrada por Silvio Carrasquilla, del Partido Liberal; Juan Carlos Wills, del Partido Conservador; Juan Felipe Lemos, de La U; Plinio Alarc\u00f3n, del partido MIRA; Ana Jimena Bautista y Cielo Rusinque, del Pacto Hist\u00f3rico; Jos\u00e9 Antonio Parra, de Salvaci\u00f3n Nacional; Gersel P\u00e9rez, de Cambio Radical; y Nubia Estela Mart\u00ednez, del Centro Democr\u00e1tico.<\/p>\n\n\n\n<p class=\"wp-block-paragraph\">La ceremonia se desarroll\u00f3 en la sede presidencial de Barranquilla, lugar desde donde De la Espriella ha decidido despachar parte de sus actividades como mandatario. Durante el acto, varios de los nuevos magistrados asistieron vestidos con guayabera o camisa blanca, mientras que Nubia Estela Mart\u00ednez y Cielo Rusinque fueron las excepciones al utilizar otro tipo de vestimenta.<\/p>\n\n\n\n<p class=\"wp-block-paragraph\">M\u00e1s all\u00e1 del acto protocolario, el discurso presidencial estuvo marcado por las cr\u00edticas al gobierno anterior y por una defensa de la importancia de garantizar la estabilidad del sistema electoral. De la Espriella afirm\u00f3 que una de las principales responsabilidades de cualquier gobernante es proteger el derecho de los ciudadanos a elegir libremente a sus representantes y mandatarios.<\/p>\n\n\n\n<p class=\"wp-block-paragraph\">El presidente tambi\u00e9n hizo referencia a las recientes declaraciones del procurador general, Gregorio Eljach, quien habr\u00eda se\u00f1alado que en alg\u00fan momento estuvo en riesgo el calendario electoral. Para De la Espriella, esta afirmaci\u00f3n resulta especialmente grave porque, seg\u00fan sostuvo, durante la campa\u00f1a presidencial existieron presiones y actuaciones que pudieron generar incertidumbre alrededor de los comicios.<\/p>\n\n\n\n<p class=\"wp-block-paragraph\">En su intervenci\u00f3n, el mandatario se\u00f1al\u00f3 directamente a la administraci\u00f3n de Gustavo Petro y mencion\u00f3 los cuestionamientos que desde ese gobierno se hicieron contra la Registradur\u00eda y el sistema electoral. Tambi\u00e9n critic\u00f3 que el expresidente contin\u00fae sosteniendo que hubo fraude en las elecciones, una afirmaci\u00f3n que, seg\u00fan el actual jefe de Estado, no ha sido acompa\u00f1ada de pruebas que permitan demostrarla.<\/p>\n\n\n\n<p class=\"wp-block-paragraph\">De la Espriella asegur\u00f3 que durante el proceso electoral se presentaron \u201cmaniobras, presiones e intentos de sembrar incertidumbre\u201d y sostuvo que, pese a esas circunstancias, las elecciones finalmente se realizaron y la voluntad expresada en las urnas fue respetada. En un tono especialmente fuerte, responsabiliz\u00f3 al anterior gobierno de intentar alterar el resultado de la voluntad popular y afirm\u00f3 que esas actuaciones no consiguieron impedir la realizaci\u00f3n de los comicios.<\/p>\n\n\n\n<p class=\"wp-block-paragraph\">El nuevo CNE tendr\u00e1 adem\u00e1s un papel de especial relevancia durante los pr\u00f3ximos cuatro a\u00f1os. Entre sus responsabilidades se encuentran la vigilancia de los partidos y movimientos pol\u00edticos, el control de las normas electorales y la revisi\u00f3n de la financiaci\u00f3n de las campa\u00f1as. El organismo tambi\u00e9n puede investigar posibles irregularidades relacionadas con los recursos utilizados durante los procesos electorales y aplicar sanciones cuando corresponda.<\/p>\n\n\n\n<p class=\"wp-block-paragraph\">Otra de sus funciones fundamentales est\u00e1 relacionada con el escrutinio general de las elecciones nacionales y la declaraci\u00f3n oficial de los resultados. El CNE tambi\u00e9n interviene en asuntos relacionados con la personer\u00eda jur\u00eddica de los partidos y movimientos pol\u00edticos y tiene competencias administrativas frente a las curules, mientras que las demandas de nulidad electoral corresponden finalmente al Consejo de Estado.<\/p>\n\n\n\n<p class=\"wp-block-paragraph\">La instalaci\u00f3n de esta nueva corporaci\u00f3n ocurre, adem\u00e1s, en medio de los antecedentes de fuertes controversias pol\u00edticas alrededor del organismo. Uno de los casos m\u00e1s relevantes ha sido la investigaci\u00f3n sobre la financiaci\u00f3n de la campa\u00f1a presidencial de Gustavo Petro en 2022. El CNE abri\u00f3 formalmente ese proceso en 2024 por posibles irregularidades y presuntos incumplimientos de los topes de gastos electorales.<\/p>\n\n\n\n<p class=\"wp-block-paragraph\">En noviembre de 2025, el organismo tom\u00f3 una decisi\u00f3n por seis votos contra tres y declar\u00f3 responsables de irregularidades a Ricardo Roa, quien fue gerente de la campa\u00f1a; Lucy Aydee Mogoll\u00f3n, tesorera; y Mar\u00eda Lucy Soto Caro, auditora. En conjunto, las sanciones econ\u00f3micas impuestas rondaron los 5.922 millones de pesos. Adem\u00e1s, el CNE remiti\u00f3 copias a la Fiscal\u00eda para que se investigara la situaci\u00f3n de Roa, proceso que contin\u00faa en curso.<\/p>\n\n\n\n<p class=\"wp-block-paragraph\">Con la llegada de los nuevos magistrados, el Consejo Nacional Electoral inicia una nueva etapa en la que deber\u00e1 ejercer sus competencias sobre partidos, campa\u00f1as y procesos electorales. La composici\u00f3n elegida por el Congreso ha generado especial atenci\u00f3n pol\u00edtica debido a las posiciones de los sectores que respaldan a cada uno de sus integrantes, mientras el Gobierno insiste en que el organismo debe actuar con independencia y garantizar el respeto por las reglas electorales.<\/p>\n\n\n\n<p class=\"wp-block-paragraph\">El acto de posesi\u00f3n tambi\u00e9n dej\u00f3 un mensaje pol\u00edtico claro de parte del presidente De la Espriella: su administraci\u00f3n pretende defender el sistema electoral y, al mismo tiempo, marcar distancia frente a las actuaciones y declaraciones del gobierno anterior. El mandatario cerr\u00f3 su intervenci\u00f3n insistiendo en que ning\u00fan sector pol\u00edtico deber\u00eda poner en riesgo el derecho de los ciudadanos a escoger libremente a sus gobernantes y representantes.<\/p>\n","protected":false},"excerpt":{"rendered":"<p>\ud83d\uddf3\ufe0f\ud83c\udde8\ud83c\uddf4 El presidente Abelardo de la Espriella encabez\u00f3 este martes 1 de septiembre la ceremonia de posesi\u00f3n de los nueve nuevos magistrados del Consejo Nacional Electoral, CNE, en un acto realizado en la sede presidencial ubicada en Barranquilla. Durante su intervenci\u00f3n, el mandatario aprovech\u00f3 para lanzar fuertes cuestionamientos contra la administraci\u00f3n de Gustavo Petro y [&hellip;]<\/p>\n","protected":false},"author":10,"featured_media":18879,"comment_status":"closed","ping_status":"open","sticky":false,"template":"","format":"standard","meta":{"footnotes":""},"categories":[2,51],"tags":[],"class_list":["post-18878","post","type-post","status-publish","format-standard","has-post-thumbnail","hentry","category-nacional","category-politica"],"amp_enabled":true,"_links":{"self":[{"href":"https:\/\/tropicanacasanare.com\/index.php?rest_route=\/wp\/v2\/posts\/18878","targetHints":{"allow":["GET"]}}],"collection":[{"href":"https:\/\/tropicanacasanare.com\/index.php?rest_route=\/wp\/v2\/posts"}],"about":[{"href":"https:\/\/tropicanacasanare.com\/index.php?rest_route=\/wp\/v2\/types\/post"}],"author":[{"embeddable":true,"href":"https:\/\/tropicanacasanare.com\/index.php?rest_route=\/wp\/v2\/users\/10"}],"replies":[{"embeddable":true,"href":"https:\/\/tropicanacasanare.com\/index.php?rest_route=%2Fwp%2Fv2%2Fcomments&post=18878"}],"version-history":[{"count":1,"href":"https:\/\/tropicanacasanare.com\/index.php?rest_route=\/wp\/v2\/posts\/18878\/revisions"}],"predecessor-version":[{"id":18880,"href":"https:\/\/tropicanacasanare.com\/index.php?rest_route=\/wp\/v2\/posts\/18878\/revisions\/18880"}],"wp:featuredmedia":[{"embeddable":true,"href":"https:\/\/tropicanacasanare.com\/index.php?rest_route=\/wp\/v2\/media\/18879"}],"wp:attachment":[{"href":"https:\/\/tropicanacasanare.com\/index.php?rest_route=%2Fwp%2Fv2%2Fmedia&parent=18878"}],"wp:term":[{"taxonomy":"category","embeddable":true,"href":"https:\/\/tropicanacasanare.com\/index.php?rest_route=%2Fwp%2Fv2%2Fcategories&post=18878"},{"taxonomy":"post_tag","embeddable":true,"href":"https:\/\/tropicanacasanare.com\/index.php?rest_route=%2Fwp%2Fv2%2Ftags&post=18878"}],"curies":[{"name":"wp","href":"https:\/\/api.w.org\/{rel}","templated":true}]}}