{"id":18888,"date":"2026-09-03T15:37:27","date_gmt":"2026-09-03T20:37:27","guid":{"rendered":"https:\/\/tropicanacasanare.com\/?p=18888"},"modified":"2026-09-03T15:37:28","modified_gmt":"2026-09-03T20:37:28","slug":"cuatro-funcionarios-dejan-la-alcaldia-de-paz-de-ariporo-y-crecen-las-preguntas-sobre-las-razones-de-su-salida","status":"publish","type":"post","link":"https:\/\/tropicanacasanare.com\/?p=18888","title":{"rendered":"Cuatro funcionarios dejan la Alcald\u00eda de Paz de Ariporo y crecen las preguntas sobre las razones de su salida"},"content":{"rendered":"\n<p class=\"wp-block-paragraph\">\ud83d\udce2\ud83c\udfdb\ufe0f El alcalde de Paz de Ariporo, Jorge Camilo Abril Tarache, confirm\u00f3 la salida de cuatro de sus colaboradores m\u00e1s cercanos de la administraci\u00f3n municipal. Aunque el mandatario destac\u00f3 p\u00fablicamente el trabajo realizado por cada uno de ellos y habl\u00f3 de una etapa que termina junto a \u201cgrandes compa\u00f1eros\u201d, hasta el momento ninguno de los funcionarios que dej\u00f3 sus cargos se ha pronunciado p\u00fablicamente sobre las circunstancias que llevaron a su salida. \ud83d\udc65\ud83c\udde8\ud83c\uddf4<\/p>\n\n\n\n<figure class=\"wp-block-image size-full\"><img loading=\"lazy\" decoding=\"async\" width=\"626\" height=\"492\" src=\"https:\/\/tropicanacasanare.com\/wp-content\/uploads\/2026\/09\/image-9.png\" alt=\"\" class=\"wp-image-18889\" srcset=\"https:\/\/tropicanacasanare.com\/wp-content\/uploads\/2026\/09\/image-9.png 626w, https:\/\/tropicanacasanare.com\/wp-content\/uploads\/2026\/09\/image-9-300x236.png 300w\" sizes=\"auto, (max-width: 626px) 100vw, 626px\" \/><\/figure>\n\n\n\n<p class=\"wp-block-paragraph\">Los cambios involucran a cuatro dependencias importantes de la administraci\u00f3n municipal. Se trata de Angely Rodr\u00edguez, quien estaba al frente de la Secretar\u00eda de Desarrollo Econ\u00f3mico y Ambiental; Neoban Calder\u00f3n, secretario de Gobierno; Jos\u00e9 P\u00e9rez, secretario de Hacienda; y Sof\u00eda Leal, quien ocupaba la Oficina Asesora de Planeaci\u00f3n.<\/p>\n\n\n\n<p class=\"wp-block-paragraph\">La salida de estos funcionarios representa un movimiento significativo dentro del equipo de gobierno de Abril Tarache, especialmente por tratarse de \u00e1reas que tienen participaci\u00f3n directa en asuntos relacionados con las finanzas municipales, la planeaci\u00f3n, la seguridad y convivencia, adem\u00e1s del desarrollo econ\u00f3mico y ambiental del municipio.<\/p>\n\n\n\n<p class=\"wp-block-paragraph\">A trav\u00e9s de un mensaje publicado para informar los cambios, el alcalde se refiri\u00f3 a los funcionarios con palabras de reconocimiento y resalt\u00f3 tanto la labor que desempe\u00f1aron como los v\u00ednculos de amistad construidos durante el tiempo que compartieron en la administraci\u00f3n.<\/p>\n\n\n\n<p class=\"wp-block-paragraph\">Abril Tarache asegur\u00f3 que con estas decisiones se cierra una etapa junto a personas a las que considera grandes compa\u00f1eros y agradeci\u00f3 el trabajo que realizaron para contribuir al desarrollo de Paz de Ariporo.<\/p>\n\n\n\n<p class=\"wp-block-paragraph\">Sin embargo, pese al reconocimiento expresado por el mandatario, los cuatro funcionarios deber\u00e1n dejar las posiciones que ven\u00edan desempe\u00f1ando dentro del gobierno municipal.<\/p>\n\n\n\n<h3 class=\"wp-block-heading\">Silencio de los funcionarios que dejan sus cargos<\/h3>\n\n\n\n<p class=\"wp-block-paragraph\">Uno de los aspectos que ha llamado la atenci\u00f3n despu\u00e9s del anuncio es que, hasta ahora, no se conocen declaraciones p\u00fablicas de Angely Rodr\u00edguez, Neoban Calder\u00f3n, Jos\u00e9 P\u00e9rez o Sof\u00eda Leal explicando las razones de su salida.<\/p>\n\n\n\n<p class=\"wp-block-paragraph\">La ausencia de pronunciamientos ha dejado espacio para diferentes interpretaciones dentro de la opini\u00f3n p\u00fablica del municipio, especialmente porque se trata de cuatro funcionarios que ocupaban cargos de relevancia dentro de la estructura administrativa.<\/p>\n\n\n\n<p class=\"wp-block-paragraph\">El alcalde, por su parte, no ha se\u00f1alado p\u00fablicamente que las salidas est\u00e9n relacionadas con alg\u00fan conflicto interno y, por el contrario, su mensaje estuvo acompa\u00f1ado de expresiones de agradecimiento y reconocimiento hacia quienes hasta ahora hicieron parte de su equipo.<\/p>\n\n\n\n<p class=\"wp-block-paragraph\">Por esa raz\u00f3n, no existe hasta el momento una explicaci\u00f3n oficial que permita establecer si las decisiones fueron producto de renuncias voluntarias, cambios administrativos solicitados por el mandatario o diferencias relacionadas con la manera en que se viene desarrollando el gobierno municipal.<\/p>\n\n\n\n<h3 class=\"wp-block-heading\">Preguntas que quedan en el ambiente pol\u00edtico<\/h3>\n\n\n\n<p class=\"wp-block-paragraph\">Los movimientos han generado inquietudes entre diferentes sectores de Paz de Ariporo. Una de las principales preguntas que queda sobre la mesa es si los cuatro funcionarios decidieron apartarse voluntariamente de sus cargos o si su salida obedeci\u00f3 a una determinaci\u00f3n tomada desde la Alcald\u00eda.<\/p>\n\n\n\n<p class=\"wp-block-paragraph\">Tambi\u00e9n existe inter\u00e9s por conocer si hubo diferencias internas alrededor de la gesti\u00f3n administrativa y de la manera en que el alcalde Abril Tarache est\u00e1 conduciendo el municipio.<\/p>\n\n\n\n<p class=\"wp-block-paragraph\">No obstante, estas versiones hacen parte de las inquietudes que circulan en la opini\u00f3n p\u00fablica y <strong>no han sido confirmadas por los funcionarios ni por la Alcald\u00eda<\/strong>.<\/p>\n\n\n\n<p class=\"wp-block-paragraph\">Para algunos sectores, ser\u00e1 importante conocer la versi\u00f3n de quienes dejaron sus cargos, especialmente porque estuvieron vinculados a \u00e1reas estrat\u00e9gicas de la administraci\u00f3n. Sus declaraciones podr\u00edan ayudar a aclarar si se trat\u00f3 simplemente de una renovaci\u00f3n del equipo de gobierno o si detr\u00e1s de las salidas existen diferencias que todav\u00eda no han sido reveladas.<\/p>\n\n\n\n<h3 class=\"wp-block-heading\">Un remez\u00f3n en el equipo de gobierno<\/h3>\n\n\n\n<p class=\"wp-block-paragraph\">La salida simult\u00e1nea de cuatro funcionarios representa uno de los movimientos m\u00e1s importantes dentro de la administraci\u00f3n de Jorge Camilo Abril Tarache y abre una nueva etapa para el gabinete municipal.<\/p>\n\n\n\n<p class=\"wp-block-paragraph\">Ahora la Alcald\u00eda deber\u00e1 definir qui\u00e9nes asumir\u00e1n las responsabilidades de las cuatro dependencias y garantizar la continuidad de los procesos que estaban bajo la direcci\u00f3n de los funcionarios salientes.<\/p>\n\n\n\n<p class=\"wp-block-paragraph\">Las Secretar\u00edas de Hacienda y Gobierno, as\u00ed como las \u00e1reas de Planeaci\u00f3n y Desarrollo Econ\u00f3mico y Ambiental, tienen funciones fundamentales para el funcionamiento de la administraci\u00f3n municipal. Por ello, los pr\u00f3ximos nombramientos ser\u00e1n determinantes para conocer el rumbo que tomar\u00e1 el gobierno local en esta nueva etapa.<\/p>\n\n\n\n<p class=\"wp-block-paragraph\">Mientras tanto, en Paz de Ariporo permanece la expectativa por las razones concretas de estas salidas. El reconocimiento p\u00fablico expresado por el alcalde contrasta con el silencio de los cuatro exfuncionarios, una situaci\u00f3n que mantiene abiertas las preguntas sobre qu\u00e9 ocurri\u00f3 dentro de la administraci\u00f3n y si los cambios obedecen \u00fanicamente a una reorganizaci\u00f3n del equipo o si existen diferencias de fondo que todav\u00eda no han salido a la luz.<\/p>\n\n\n\n<p class=\"wp-block-paragraph\">Por ahora, la \u00fanica certeza es que Angely Rodr\u00edguez, Neoban Calder\u00f3n, Jos\u00e9 P\u00e9rez y Sof\u00eda Leal ya no continuar\u00e1n al frente de sus respectivas dependencias, mientras la administraci\u00f3n de Jorge Camilo Abril Tarache se prepara para reorganizar su equipo de trabajo y continuar con los proyectos planteados para Paz de Ariporo.<\/p>\n","protected":false},"excerpt":{"rendered":"<p>\ud83d\udce2\ud83c\udfdb\ufe0f El alcalde de Paz de Ariporo, Jorge Camilo Abril Tarache, confirm\u00f3 la salida de cuatro de sus colaboradores m\u00e1s cercanos de la administraci\u00f3n municipal. Aunque el mandatario destac\u00f3 p\u00fablicamente el trabajo realizado por cada uno de ellos y habl\u00f3 de una etapa que termina junto a \u201cgrandes compa\u00f1eros\u201d, hasta el momento ninguno de los [&hellip;]<\/p>\n","protected":false},"author":10,"featured_media":18889,"comment_status":"closed","ping_status":"open","sticky":false,"template":"","format":"standard","meta":{"footnotes":""},"categories":[2,51],"tags":[],"class_list":["post-18888","post","type-post","status-publish","format-standard","has-post-thumbnail","hentry","category-nacional","category-politica"],"amp_enabled":true,"_links":{"self":[{"href":"https:\/\/tropicanacasanare.com\/index.php?rest_route=\/wp\/v2\/posts\/18888","targetHints":{"allow":["GET"]}}],"collection":[{"href":"https:\/\/tropicanacasanare.com\/index.php?rest_route=\/wp\/v2\/posts"}],"about":[{"href":"https:\/\/tropicanacasanare.com\/index.php?rest_route=\/wp\/v2\/types\/post"}],"author":[{"embeddable":true,"href":"https:\/\/tropicanacasanare.com\/index.php?rest_route=\/wp\/v2\/users\/10"}],"replies":[{"embeddable":true,"href":"https:\/\/tropicanacasanare.com\/index.php?rest_route=%2Fwp%2Fv2%2Fcomments&post=18888"}],"version-history":[{"count":1,"href":"https:\/\/tropicanacasanare.com\/index.php?rest_route=\/wp\/v2\/posts\/18888\/revisions"}],"predecessor-version":[{"id":18890,"href":"https:\/\/tropicanacasanare.com\/index.php?rest_route=\/wp\/v2\/posts\/18888\/revisions\/18890"}],"wp:featuredmedia":[{"embeddable":true,"href":"https:\/\/tropicanacasanare.com\/index.php?rest_route=\/wp\/v2\/media\/18889"}],"wp:attachment":[{"href":"https:\/\/tropicanacasanare.com\/index.php?rest_route=%2Fwp%2Fv2%2Fmedia&parent=18888"}],"wp:term":[{"taxonomy":"category","embeddable":true,"href":"https:\/\/tropicanacasanare.com\/index.php?rest_route=%2Fwp%2Fv2%2Fcategories&post=18888"},{"taxonomy":"post_tag","embeddable":true,"href":"https:\/\/tropicanacasanare.com\/index.php?rest_route=%2Fwp%2Fv2%2Ftags&post=18888"}],"curies":[{"name":"wp","href":"https:\/\/api.w.org\/{rel}","templated":true}]}}