{"id":18894,"date":"2026-09-03T15:43:29","date_gmt":"2026-09-03T20:43:29","guid":{"rendered":"https:\/\/tropicanacasanare.com\/?p=18894"},"modified":"2026-09-03T15:43:30","modified_gmt":"2026-09-03T20:43:30","slug":"rescatan-en-medellin-a-perro-que-habria-sido-victima-de-maltrato-tras-denuncia-en-redes-sociales","status":"publish","type":"post","link":"https:\/\/tropicanacasanare.com\/?p=18894","title":{"rendered":"Rescatan en Medell\u00edn a perro que habr\u00eda sido v\u00edctima de maltrato tras denuncia en redes sociales"},"content":{"rendered":"\n<p class=\"wp-block-paragraph\">\ud83d\udea8\ud83d\udc36 Un perro que habr\u00eda sido v\u00edctima de maltrato en el barrio Villa Hermosa, en Medell\u00edn, fue retirado del poder del hombre se\u00f1alado de agredirlo, luego de que un video difundido en redes sociales generara indignaci\u00f3n entre ciudadanos y defensores de los animales. El caso moviliz\u00f3 a las autoridades, que finalmente intervinieron para proteger al animal. \u2764\ufe0f\u200d\ud83e\ude79\ud83d\udc3e<\/p>\n\n\n\n<figure class=\"wp-block-image size-full\"><img loading=\"lazy\" decoding=\"async\" width=\"780\" height=\"565\" src=\"https:\/\/tropicanacasanare.com\/wp-content\/uploads\/2026\/09\/image-11.png\" alt=\"\" class=\"wp-image-18895\" srcset=\"https:\/\/tropicanacasanare.com\/wp-content\/uploads\/2026\/09\/image-11.png 780w, https:\/\/tropicanacasanare.com\/wp-content\/uploads\/2026\/09\/image-11-300x217.png 300w, https:\/\/tropicanacasanare.com\/wp-content\/uploads\/2026\/09\/image-11-768x556.png 768w\" sizes=\"auto, (max-width: 780px) 100vw, 780px\" \/><\/figure>\n\n\n\n<p class=\"wp-block-paragraph\">La situaci\u00f3n se conoci\u00f3 despu\u00e9s de que comenzaran a circular im\u00e1genes en las que se observa al perro en medio de un episodio de presunta violencia. El material fue difundido inicialmente por una cuenta dedicada a recibir y publicar denuncias ciudadanas, lo que permiti\u00f3 que el caso alcanzara r\u00e1pidamente visibilidad.<\/p>\n\n\n\n<p class=\"wp-block-paragraph\">Las im\u00e1genes provocaron una fuerte reacci\u00f3n entre los usuarios de redes sociales, quienes expresaron su preocupaci\u00f3n por las condiciones en las que se encontraba el animal y pidieron la intervenci\u00f3n de las autoridades para evitar que continuara expuesto a una situaci\u00f3n de maltrato.<\/p>\n\n\n\n<p class=\"wp-block-paragraph\">Ante la difusi\u00f3n del video, se activaron las acciones correspondientes para verificar lo ocurrido y establecer qu\u00e9 estaba sucediendo con el perro.<\/p>\n\n\n\n<h3 class=\"wp-block-heading\">El animal fue trasladado a La Perla<\/h3>\n\n\n\n<p class=\"wp-block-paragraph\">El rescate fue confirmado por el concejal de Medell\u00edn Andr\u00e9s Tob\u00f3n, quien inform\u00f3 que las autoridades hab\u00edan intervenido y retirado al animal del lugar donde se encontraba.<\/p>\n\n\n\n<p class=\"wp-block-paragraph\">Despu\u00e9s del procedimiento, el perro fue trasladado al Centro de Bienestar Animal La Perla, donde podr\u00e1 recibir valoraci\u00f3n y atenci\u00f3n bajo condiciones de protecci\u00f3n.<\/p>\n\n\n\n<p class=\"wp-block-paragraph\">El traslado representa un alivio para quienes hab\u00edan seguido el caso y manifestado preocupaci\u00f3n por el estado del animal. Una de las principales inquietudes que surgieron despu\u00e9s de la publicaci\u00f3n del video era precisamente si el perro continuar\u00eda bajo el cuidado de la persona se\u00f1alada por la agresi\u00f3n.<\/p>\n\n\n\n<p class=\"wp-block-paragraph\">Ahora, al encontrarse bajo protecci\u00f3n institucional, las autoridades podr\u00e1n evaluar sus condiciones y determinar las medidas necesarias para garantizar su bienestar.<\/p>\n\n\n\n<h3 class=\"wp-block-heading\">Investigaci\u00f3n deber\u00e1 establecer lo ocurrido<\/h3>\n\n\n\n<p class=\"wp-block-paragraph\">Aunque el video permiti\u00f3 alertar sobre la situaci\u00f3n, ser\u00e1n las autoridades competentes las encargadas de establecer exactamente qu\u00e9 ocurri\u00f3 y determinar si existen responsabilidades por los hechos denunciados.<\/p>\n\n\n\n<p class=\"wp-block-paragraph\">La intervenci\u00f3n busca no solamente proteger al animal, sino tambi\u00e9n permitir que el caso sea analizado dentro del procedimiento establecido por la legislaci\u00f3n colombiana sobre protecci\u00f3n animal.<\/p>\n\n\n\n<p class=\"wp-block-paragraph\">Las autoridades deber\u00e1n recopilar los elementos necesarios para establecer las circunstancias en las que se produjo la presunta agresi\u00f3n y determinar las actuaciones que correspondan frente al responsable.<\/p>\n\n\n\n<p class=\"wp-block-paragraph\">El caso tambi\u00e9n vuelve a poner sobre la mesa la importancia de denunciar oportunamente situaciones que puedan representar maltrato contra animales, especialmente cuando existen evidencias que permitan a las autoridades verificar los hechos.<\/p>\n\n\n\n<h3 class=\"wp-block-heading\">Otro caso de presunto maltrato es investigado en Bello<\/h3>\n\n\n\n<p class=\"wp-block-paragraph\">Mientras en Medell\u00edn se confirm\u00f3 el rescate del perro de Villa Hermosa, en el municipio de Bello tambi\u00e9n avanza un proceso relacionado con una denuncia por presunto maltrato animal.<\/p>\n\n\n\n<p class=\"wp-block-paragraph\">De acuerdo con informaci\u00f3n entregada por el concejal Andr\u00e9s Tob\u00f3n, en ese caso fueron reportadas condiciones preocupantes relacionadas con varios perros. Sin embargo, explic\u00f3 que el retiro de los animales no puede realizarse simplemente por una decisi\u00f3n inmediata, sino que debe seguirse el procedimiento establecido por la ley.<\/p>\n\n\n\n<p class=\"wp-block-paragraph\">El funcionario se\u00f1al\u00f3 que, despu\u00e9s de recibir la informaci\u00f3n, tuvo contacto con la Alcald\u00eda de Bello y conoci\u00f3 que la administraci\u00f3n municipal hab\u00eda ordenado revisar la situaci\u00f3n.<\/p>\n\n\n\n<p class=\"wp-block-paragraph\">El caso qued\u00f3 en manos de la autoridad correspondiente, que deber\u00e1 determinar si las condiciones denunciadas constituyen una conducta sancionable y cu\u00e1les son las medidas que deben adoptarse para proteger a los animales.<\/p>\n\n\n\n<p class=\"wp-block-paragraph\">La situaci\u00f3n evidencia la importancia de que las autoridades act\u00faen dentro del marco legal, especialmente cuando se trata de retirar animales de sus propietarios. Aunque la ciudadan\u00eda puede exigir una respuesta r\u00e1pida, cualquier procedimiento debe cumplir con las garant\u00edas y requisitos establecidos por la normativa.<\/p>\n\n\n\n<h3 class=\"wp-block-heading\">Autoridades llaman a denunciar el maltrato animal<\/h3>\n\n\n\n<p class=\"wp-block-paragraph\">El rescate ocurrido en Villa Hermosa demuestra nuevamente el papel que pueden desempe\u00f1ar las denuncias ciudadanas para poner en conocimiento de las autoridades posibles casos de maltrato.<\/p>\n\n\n\n<p class=\"wp-block-paragraph\">En este caso, la difusi\u00f3n del video permiti\u00f3 que la situaci\u00f3n fuera conocida p\u00fablicamente y facilit\u00f3 que se adelantara una intervenci\u00f3n para retirar al perro del lugar donde se encontraba.<\/p>\n\n\n\n<p class=\"wp-block-paragraph\">Ahora el animal permanecer\u00e1 bajo cuidado del Centro de Bienestar Animal La Perla, mientras las autoridades avanzan en la verificaci\u00f3n de los hechos.<\/p>\n\n\n\n<p class=\"wp-block-paragraph\">El proceso deber\u00e1 determinar si la conducta observada en las im\u00e1genes constituye un caso de maltrato animal y qu\u00e9 consecuencias legales podr\u00edan derivarse para la persona se\u00f1alada.<\/p>\n\n\n\n<p class=\"wp-block-paragraph\">Por el momento, lo confirmado es que el perro ya fue rescatado y se encuentra bajo protecci\u00f3n, mientras contin\u00faa la investigaci\u00f3n sobre lo sucedido.<\/p>\n\n\n\n<p class=\"wp-block-paragraph\">El caso ha generado nuevamente un llamado entre ciudadanos y organizaciones defensoras de los animales para no guardar silencio ante situaciones de violencia o abandono y acudir a las autoridades cuando existan indicios de que un animal est\u00e1 siendo sometido a condiciones que puedan poner en riesgo su integridad.<\/p>\n\n\n\n<p class=\"wp-block-paragraph\">La prioridad ahora ser\u00e1 garantizar la recuperaci\u00f3n y bienestar del perro, al tiempo que las autoridades establecen las circunstancias de la presunta agresi\u00f3n y determinan las acciones legales que correspondan.<\/p>\n","protected":false},"excerpt":{"rendered":"<p>\ud83d\udea8\ud83d\udc36 Un perro que habr\u00eda sido v\u00edctima de maltrato en el barrio Villa Hermosa, en Medell\u00edn, fue retirado del poder del hombre se\u00f1alado de agredirlo, luego de que un video difundido en redes sociales generara indignaci\u00f3n entre ciudadanos y defensores de los animales. El caso moviliz\u00f3 a las autoridades, que finalmente intervinieron para proteger al [&hellip;]<\/p>\n","protected":false},"author":10,"featured_media":18895,"comment_status":"closed","ping_status":"open","sticky":false,"template":"","format":"standard","meta":{"footnotes":""},"categories":[2],"tags":[],"class_list":["post-18894","post","type-post","status-publish","format-standard","has-post-thumbnail","hentry","category-nacional"],"amp_enabled":true,"_links":{"self":[{"href":"https:\/\/tropicanacasanare.com\/index.php?rest_route=\/wp\/v2\/posts\/18894","targetHints":{"allow":["GET"]}}],"collection":[{"href":"https:\/\/tropicanacasanare.com\/index.php?rest_route=\/wp\/v2\/posts"}],"about":[{"href":"https:\/\/tropicanacasanare.com\/index.php?rest_route=\/wp\/v2\/types\/post"}],"author":[{"embeddable":true,"href":"https:\/\/tropicanacasanare.com\/index.php?rest_route=\/wp\/v2\/users\/10"}],"replies":[{"embeddable":true,"href":"https:\/\/tropicanacasanare.com\/index.php?rest_route=%2Fwp%2Fv2%2Fcomments&post=18894"}],"version-history":[{"count":1,"href":"https:\/\/tropicanacasanare.com\/index.php?rest_route=\/wp\/v2\/posts\/18894\/revisions"}],"predecessor-version":[{"id":18896,"href":"https:\/\/tropicanacasanare.com\/index.php?rest_route=\/wp\/v2\/posts\/18894\/revisions\/18896"}],"wp:featuredmedia":[{"embeddable":true,"href":"https:\/\/tropicanacasanare.com\/index.php?rest_route=\/wp\/v2\/media\/18895"}],"wp:attachment":[{"href":"https:\/\/tropicanacasanare.com\/index.php?rest_route=%2Fwp%2Fv2%2Fmedia&parent=18894"}],"wp:term":[{"taxonomy":"category","embeddable":true,"href":"https:\/\/tropicanacasanare.com\/index.php?rest_route=%2Fwp%2Fv2%2Fcategories&post=18894"},{"taxonomy":"post_tag","embeddable":true,"href":"https:\/\/tropicanacasanare.com\/index.php?rest_route=%2Fwp%2Fv2%2Ftags&post=18894"}],"curies":[{"name":"wp","href":"https:\/\/api.w.org\/{rel}","templated":true}]}}