{"id":18898,"date":"2026-09-04T14:04:06","date_gmt":"2026-09-04T19:04:06","guid":{"rendered":"https:\/\/tropicanacasanare.com\/?p=18898"},"modified":"2026-09-04T14:04:07","modified_gmt":"2026-09-04T19:04:07","slug":"autoridades-y-comunidad-recuperan-el-parque-de-los-semaforos-en-aguazul","status":"publish","type":"post","link":"https:\/\/tropicanacasanare.com\/?p=18898","title":{"rendered":"Autoridades y comunidad recuperan el Parque de los Sem\u00e1foros en Aguazul"},"content":{"rendered":"\n<p class=\"wp-block-paragraph\">\ud83c\udf33\ud83e\uddf9\ud83d\ude94 Con una jornada conjunta de limpieza, ornato y recuperaci\u00f3n de espacios p\u00fablicos, la Polic\u00eda Nacional, la Alcald\u00eda de Aguazul, gestores de convivencia y seguridad ciudadana, la Empresa de Servicios P\u00fablicos del municipio y l\u00edderes comunitarios intervinieron el Parque de los Sem\u00e1foros, ubicado en el barrio Siete de Agosto. La actividad estuvo orientada a mejorar las condiciones del lugar y promover entre los habitantes el cuidado de los espacios que hacen parte de la vida cotidiana de la comunidad. \ud83c\udf3f\ud83e\udd1d<\/p>\n\n\n\n<figure class=\"wp-block-image size-full\"><img loading=\"lazy\" decoding=\"async\" width=\"700\" height=\"510\" src=\"https:\/\/tropicanacasanare.com\/wp-content\/uploads\/2026\/09\/image-12.png\" alt=\"\" class=\"wp-image-18899\" srcset=\"https:\/\/tropicanacasanare.com\/wp-content\/uploads\/2026\/09\/image-12.png 700w, https:\/\/tropicanacasanare.com\/wp-content\/uploads\/2026\/09\/image-12-300x219.png 300w\" sizes=\"auto, (max-width: 700px) 100vw, 700px\" \/><\/figure>\n\n\n\n<p class=\"wp-block-paragraph\">Durante la jornada, los participantes adelantaron diferentes labores para transformar la apariencia del parque y recuperar sus zonas comunes. Entre las actividades realizadas estuvieron la limpieza de \u00e1reas verdes, la poda de \u00e1rboles y jardines, la recolecci\u00f3n de residuos y la adecuaci\u00f3n de distintos espacios para facilitar su uso por parte de los habitantes.<\/p>\n\n\n\n<p class=\"wp-block-paragraph\">La intervenci\u00f3n permiti\u00f3 retirar residuos acumulados y realizar trabajos de mantenimiento que contribuyen a conservar en mejores condiciones este punto del barrio Siete de Agosto.<\/p>\n\n\n\n<p class=\"wp-block-paragraph\">M\u00e1s all\u00e1 de las labores de limpieza y embellecimiento, la jornada busc\u00f3 generar conciencia sobre la responsabilidad que tienen los ciudadanos en el cuidado de los espacios p\u00fablicos. Las autoridades destacaron que mantener estos lugares en buenas condiciones requiere no solamente intervenciones peri\u00f3dicas, sino tambi\u00e9n el compromiso permanente de quienes los utilizan.<\/p>\n\n\n\n<h3 class=\"wp-block-heading\">Trabajo conjunto para recuperar espacios p\u00fablicos<\/h3>\n\n\n\n<p class=\"wp-block-paragraph\">La actividad cont\u00f3 con la participaci\u00f3n de diferentes instituciones y representantes de la comunidad, demostrando la importancia del trabajo articulado para atender necesidades que afectan directamente a los barrios.<\/p>\n\n\n\n<p class=\"wp-block-paragraph\">La presencia de los l\u00edderes comunitarios permiti\u00f3 vincular a los habitantes con las labores de recuperaci\u00f3n, mientras que las entidades participantes aportaron personal y recursos para desarrollar las diferentes actividades.<\/p>\n\n\n\n<p class=\"wp-block-paragraph\">Este tipo de jornadas tambi\u00e9n busca fortalecer la convivencia, teniendo en cuenta que los parques y zonas comunes son lugares destinados al encuentro y disfrute de las familias.<\/p>\n\n\n\n<p class=\"wp-block-paragraph\">Un espacio p\u00fablico limpio, organizado y en buenas condiciones puede convertirse adem\u00e1s en un escenario para actividades recreativas y comunitarias, favoreciendo una mayor apropiaci\u00f3n por parte de los habitantes.<\/p>\n\n\n\n<h3 class=\"wp-block-heading\">Polic\u00eda destaca participaci\u00f3n de la comunidad<\/h3>\n\n\n\n<p class=\"wp-block-paragraph\">El coronel Pablo Javier Galindo Valencia, comandante del Departamento de Polic\u00eda Casanare, destac\u00f3 la importancia de desarrollar este tipo de acciones de manera conjunta con la ciudadan\u00eda.<\/p>\n\n\n\n<p class=\"wp-block-paragraph\">El oficial se\u00f1al\u00f3 que la recuperaci\u00f3n de los espacios p\u00fablicos es una tarea que involucra tanto a las instituciones como a la comunidad y resalt\u00f3 la necesidad de continuar promoviendo iniciativas que permitan construir entornos m\u00e1s limpios, seguros y agradables.<\/p>\n\n\n\n<p class=\"wp-block-paragraph\">Desde la Polic\u00eda se destac\u00f3 que estas actividades hacen parte de una visi\u00f3n de seguridad que no se limita a los operativos de vigilancia y control, sino que tambi\u00e9n contempla la convivencia, la prevenci\u00f3n y la participaci\u00f3n ciudadana.<\/p>\n\n\n\n<p class=\"wp-block-paragraph\">La recuperaci\u00f3n de lugares deteriorados puede contribuir a generar espacios con mejores condiciones para la comunidad y fortalecer el sentido de pertenencia de los habitantes hacia sus barrios.<\/p>\n\n\n\n<h3 class=\"wp-block-heading\">Un llamado a conservar lo recuperado<\/h3>\n\n\n\n<p class=\"wp-block-paragraph\">Despu\u00e9s de las labores realizadas en el Parque de los Sem\u00e1foros, el reto ser\u00e1 mantener las condiciones alcanzadas durante la jornada.<\/p>\n\n\n\n<p class=\"wp-block-paragraph\">Las autoridades hicieron \u00e9nfasis en la importancia de que los ciudadanos eviten arrojar residuos, protejan las zonas verdes y hagan un uso adecuado de los espacios comunes.<\/p>\n\n\n\n<p class=\"wp-block-paragraph\">La participaci\u00f3n de la comunidad resulta fundamental para evitar que los lugares intervenidos vuelvan a presentar acumulaci\u00f3n de basura o deterioro.<\/p>\n\n\n\n<p class=\"wp-block-paragraph\">La jornada desarrollada en el barrio Siete de Agosto se convierte as\u00ed en un ejemplo de c\u00f3mo la coordinaci\u00f3n entre instituciones y habitantes puede contribuir a recuperar espacios que son utilizados diariamente por la ciudadan\u00eda.<\/p>\n\n\n\n<p class=\"wp-block-paragraph\">La Polic\u00eda, la Alcald\u00eda, la Empresa de Servicios P\u00fablicos, los gestores y los l\u00edderes comunitarios reiteraron su disposici\u00f3n para continuar promoviendo acciones que aporten al cuidado del medio ambiente, la cultura ciudadana y la convivencia en Aguazul.<\/p>\n","protected":false},"excerpt":{"rendered":"<p>\ud83c\udf33\ud83e\uddf9\ud83d\ude94 Con una jornada conjunta de limpieza, ornato y recuperaci\u00f3n de espacios p\u00fablicos, la Polic\u00eda Nacional, la Alcald\u00eda de Aguazul, gestores de convivencia y seguridad ciudadana, la Empresa de Servicios P\u00fablicos del municipio y l\u00edderes comunitarios intervinieron el Parque de los Sem\u00e1foros, ubicado en el barrio Siete de Agosto. La actividad estuvo orientada a mejorar [&hellip;]<\/p>\n","protected":false},"author":10,"featured_media":18899,"comment_status":"closed","ping_status":"open","sticky":false,"template":"","format":"standard","meta":{"footnotes":""},"categories":[53,51],"tags":[],"class_list":["post-18898","post","type-post","status-publish","format-standard","has-post-thumbnail","hentry","category-casanare","category-politica"],"amp_enabled":true,"_links":{"self":[{"href":"https:\/\/tropicanacasanare.com\/index.php?rest_route=\/wp\/v2\/posts\/18898","targetHints":{"allow":["GET"]}}],"collection":[{"href":"https:\/\/tropicanacasanare.com\/index.php?rest_route=\/wp\/v2\/posts"}],"about":[{"href":"https:\/\/tropicanacasanare.com\/index.php?rest_route=\/wp\/v2\/types\/post"}],"author":[{"embeddable":true,"href":"https:\/\/tropicanacasanare.com\/index.php?rest_route=\/wp\/v2\/users\/10"}],"replies":[{"embeddable":true,"href":"https:\/\/tropicanacasanare.com\/index.php?rest_route=%2Fwp%2Fv2%2Fcomments&post=18898"}],"version-history":[{"count":1,"href":"https:\/\/tropicanacasanare.com\/index.php?rest_route=\/wp\/v2\/posts\/18898\/revisions"}],"predecessor-version":[{"id":18900,"href":"https:\/\/tropicanacasanare.com\/index.php?rest_route=\/wp\/v2\/posts\/18898\/revisions\/18900"}],"wp:featuredmedia":[{"embeddable":true,"href":"https:\/\/tropicanacasanare.com\/index.php?rest_route=\/wp\/v2\/media\/18899"}],"wp:attachment":[{"href":"https:\/\/tropicanacasanare.com\/index.php?rest_route=%2Fwp%2Fv2%2Fmedia&parent=18898"}],"wp:term":[{"taxonomy":"category","embeddable":true,"href":"https:\/\/tropicanacasanare.com\/index.php?rest_route=%2Fwp%2Fv2%2Fcategories&post=18898"},{"taxonomy":"post_tag","embeddable":true,"href":"https:\/\/tropicanacasanare.com\/index.php?rest_route=%2Fwp%2Fv2%2Ftags&post=18898"}],"curies":[{"name":"wp","href":"https:\/\/api.w.org\/{rel}","templated":true}]}}