{"id":18901,"date":"2026-09-04T14:06:02","date_gmt":"2026-09-04T19:06:02","guid":{"rendered":"https:\/\/tropicanacasanare.com\/?p=18901"},"modified":"2026-09-04T14:06:02","modified_gmt":"2026-09-04T19:06:02","slug":"epm-advierte-por-bajo-ahorro-de-agua-y-no-descarta-racionamiento-en-el-valle-de-aburra","status":"publish","type":"post","link":"https:\/\/tropicanacasanare.com\/?p=18901","title":{"rendered":"EPM advierte por bajo ahorro de agua y no descarta racionamiento en el Valle de Aburr\u00e1"},"content":{"rendered":"\n<p class=\"wp-block-paragraph\">\ud83d\udca7\ud83d\udea8 La preocupaci\u00f3n por el abastecimiento de agua vuelve a crecer en el Valle de Aburr\u00e1. EPM confirm\u00f3 que durante los \u00faltimos d\u00edas los usuarios no han conseguido cumplir las metas de ahorro establecidas por la empresa, mientras los niveles de los embalses contin\u00faan disminuyendo. Ante este panorama, la posibilidad de implementar nuevamente medidas de racionamiento podr\u00eda ser evaluada la pr\u00f3xima semana. \u26a0\ufe0f\ud83c\udfe0<\/p>\n\n\n\n<figure class=\"wp-block-image size-full\"><img loading=\"lazy\" decoding=\"async\" width=\"600\" height=\"413\" src=\"https:\/\/tropicanacasanare.com\/wp-content\/uploads\/2026\/09\/image-13.png\" alt=\"\" class=\"wp-image-18902\" srcset=\"https:\/\/tropicanacasanare.com\/wp-content\/uploads\/2026\/09\/image-13.png 600w, https:\/\/tropicanacasanare.com\/wp-content\/uploads\/2026\/09\/image-13-300x207.png 300w\" sizes=\"auto, (max-width: 600px) 100vw, 600px\" \/><\/figure>\n\n\n\n<p class=\"wp-block-paragraph\">La empresa de servicios p\u00fablicos hab\u00eda establecido un periodo de seguimiento para determinar si los hogares y establecimientos comerciales lograban reducir su consumo diario de agua potable. Sin embargo, los resultados obtenidos hasta ahora no han sido los esperados por las autoridades.<\/p>\n\n\n\n<p class=\"wp-block-paragraph\">En algunas zonas de Medell\u00edn y municipios del \u00e1rea metropolitana, el consumo incluso aument\u00f3 en lugar de disminuir, situaci\u00f3n que genera mayor presi\u00f3n sobre las fuentes que abastecen el sistema.<\/p>\n\n\n\n<p class=\"wp-block-paragraph\">El gerente general de EPM, John Maya, explic\u00f3 que todav\u00eda quedan tres d\u00edas dentro del periodo definido para alcanzar las metas de ahorro: viernes 4, s\u00e1bado 5 y domingo 6 de septiembre. Con base en los resultados que se obtengan durante este tiempo, la empresa determinar\u00e1 qu\u00e9 medidas deber\u00e1n adoptarse.<\/p>\n\n\n\n<h3 class=\"wp-block-heading\">Varias zonas no alcanzaron la meta<\/h3>\n\n\n\n<p class=\"wp-block-paragraph\">En las comunas Popular, Manrique, Aranjuez, Villa Hermosa, Buenos Aires y La Candelaria, donde el suministro depende principalmente del sistema Piedras Blancas, se estableci\u00f3 una reducci\u00f3n de 92 litros de agua potable por vivienda o establecimiento comercial cada d\u00eda.<\/p>\n\n\n\n<p class=\"wp-block-paragraph\">La cifra equivale aproximadamente a nueve baldes de diez litros, m\u00e1s una peque\u00f1a cantidad adicional.<\/p>\n\n\n\n<p class=\"wp-block-paragraph\">Sin embargo, el cumplimiento de esta meta no se ha conseguido de manera sostenida. La situaci\u00f3n genera especial preocupaci\u00f3n debido al comportamiento del embalse Piedras Blancas, cuyo nivel contin\u00faa descendiendo.<\/p>\n\n\n\n<p class=\"wp-block-paragraph\">En Bello, Copacabana, Girardota y sectores occidentales y noroccidentales de Medell\u00edn, la situaci\u00f3n resulta a\u00fan m\u00e1s preocupante. All\u00ed la meta establecida era reducir 70 litros diarios por vivienda o comercio, pero en lugar de disminuir, el consumo aument\u00f3 aproximadamente 10 litros por usuario.<\/p>\n\n\n\n<p class=\"wp-block-paragraph\">John Maya manifest\u00f3 su preocupaci\u00f3n por este comportamiento y advirti\u00f3 que, si durante los d\u00edas restantes no se logra la reducci\u00f3n requerida, EPM tendr\u00e1 que tomar decisiones durante la pr\u00f3xima semana.<\/p>\n\n\n\n<h3 class=\"wp-block-heading\">Tambi\u00e9n preocupa el consumo en el sur del Valle de Aburr\u00e1<\/h3>\n\n\n\n<p class=\"wp-block-paragraph\">Los municipios de Caldas, La Estrella, Itag\u00fc\u00ed, Sabaneta y Envigado tampoco lograron cumplir completamente el objetivo de ahorro establecido para los usuarios abastecidos por el embalse La Fe.<\/p>\n\n\n\n<p class=\"wp-block-paragraph\">La meta en estas zonas era disminuir el consumo en 70 litros diarios por vivienda o establecimiento comercial. Aunque se registr\u00f3 alg\u00fan nivel de ahorro, este alcanz\u00f3 aproximadamente 25 litros, muy por debajo de lo requerido.<\/p>\n\n\n\n<p class=\"wp-block-paragraph\">La situaci\u00f3n pone presi\u00f3n adicional sobre el sistema, especialmente porque el embalse La Fe es una de las principales fuentes de abastecimiento para sectores del Valle de Aburr\u00e1 y otras zonas del departamento.<\/p>\n\n\n\n<h3 class=\"wp-block-heading\">Piedras Blancas, uno de los puntos m\u00e1s cr\u00edticos<\/h3>\n\n\n\n<p class=\"wp-block-paragraph\">Uno de los mayores motivos de preocupaci\u00f3n para EPM est\u00e1 relacionado con el embalse Piedras Blancas.<\/p>\n\n\n\n<p class=\"wp-block-paragraph\">De acuerdo con las estimaciones entregadas por John Maya, si se mantiene la tendencia actual de descenso y no se presentan lluvias suficientes, el embalse podr\u00eda llegar a sus niveles m\u00ednimos en aproximadamente 15 d\u00edas.<\/p>\n\n\n\n<p class=\"wp-block-paragraph\">El funcionario explic\u00f3 que el embalse puede perder cerca del 5 % de su nivel por cada d\u00eda sin precipitaciones, una situaci\u00f3n que evidencia la presi\u00f3n que existe actualmente sobre las reservas de agua.<\/p>\n\n\n\n<p class=\"wp-block-paragraph\">Este escenario podr\u00eda obligar a adoptar nuevas medidas para garantizar el suministro a los usuarios si el comportamiento clim\u00e1tico y el consumo no cambian durante los pr\u00f3ximos d\u00edas.<\/p>\n\n\n\n<h3 class=\"wp-block-heading\">EPM pide reducir el consumo desde los hogares<\/h3>\n\n\n\n<p class=\"wp-block-paragraph\">Ante la situaci\u00f3n, la empresa volvi\u00f3 a pedir a los ciudadanos modificar algunas pr\u00e1cticas cotidianas para disminuir el desperdicio de agua.<\/p>\n\n\n\n<p class=\"wp-block-paragraph\">Entre las recomendaciones est\u00e1 reducir el tiempo de las duchas a unos tres minutos, cerrar la llave mientras se cepillan los dientes y utilizar un vaso para controlar la cantidad de agua empleada durante esta actividad.<\/p>\n\n\n\n<p class=\"wp-block-paragraph\">Tambi\u00e9n se pidi\u00f3 evitar dejar correr el agua mientras se lavan los platos. La recomendaci\u00f3n consiste en utilizar el jab\u00f3n con la llave cerrada y abrirla \u00fanicamente durante el proceso de enjuague.<\/p>\n\n\n\n<p class=\"wp-block-paragraph\">Otra de las actividades se\u00f1aladas es el lavado de veh\u00edculos y motocicletas utilizando mangueras sin ning\u00fan tipo de control, debido a la cantidad de agua que puede desperdiciarse en estas labores.<\/p>\n\n\n\n<p class=\"wp-block-paragraph\">EPM insiste en que peque\u00f1as modificaciones en las actividades diarias pueden representar un ahorro considerable cuando son adoptadas simult\u00e1neamente por miles de hogares.<\/p>\n\n\n\n<h3 class=\"wp-block-heading\">El Ni\u00f1o aumenta la preocupaci\u00f3n<\/h3>\n\n\n\n<p class=\"wp-block-paragraph\">A las dificultades relacionadas con el consumo se suma el panorama clim\u00e1tico. El fen\u00f3meno de El Ni\u00f1o est\u00e1 provocando condiciones de sequ\u00eda que afectan las lluvias y, como consecuencia, disminuyen los caudales de r\u00edos, quebradas y otras fuentes que alimentan los sistemas de abastecimiento.<\/p>\n\n\n\n<p class=\"wp-block-paragraph\">La empresa advierte que el panorama podr\u00eda complicarse todav\u00eda m\u00e1s hacia finales de 2026 y durante los primeros meses de 2027.<\/p>\n\n\n\n<p class=\"wp-block-paragraph\">John Maya se\u00f1al\u00f3 que el agua que actualmente se est\u00e1 desperdiciando ser\u00e1 necesaria posteriormente para garantizar el abastecimiento de los hogares durante los periodos de mayor intensidad del fen\u00f3meno clim\u00e1tico.<\/p>\n\n\n\n<p class=\"wp-block-paragraph\">La situaci\u00f3n obliga a mantener un seguimiento permanente de los niveles de los embalses y del comportamiento del consumo.<\/p>\n\n\n\n<h3 class=\"wp-block-heading\">\u00bfPodr\u00eda regresar el racionamiento?<\/h3>\n\n\n\n<p class=\"wp-block-paragraph\">Por ahora, EPM no ha confirmado un nuevo racionamiento de agua. La empresa todav\u00eda espera los resultados de los \u00faltimos d\u00edas del periodo de seguimiento antes de determinar cu\u00e1les ser\u00e1n las siguientes medidas.<\/p>\n\n\n\n<p class=\"wp-block-paragraph\">Sin embargo, el incumplimiento de las metas de ahorro aumenta la posibilidad de que se adopten restricciones si las reservas contin\u00faan disminuyendo.<\/p>\n\n\n\n<p class=\"wp-block-paragraph\">La empresa realizar\u00e1 evaluaciones diarias para conocer cu\u00e1nto est\u00e1n consumiendo los usuarios y qu\u00e9 tan cerca se encuentran de las metas establecidas para cada sistema.<\/p>\n\n\n\n<p class=\"wp-block-paragraph\">El objetivo principal es evitar llegar a una situaci\u00f3n en la que sea necesario suspender temporalmente el suministro en determinados sectores, pero para ello ser\u00e1 fundamental que los ciudadanos reduzcan voluntariamente su consumo.<\/p>\n\n\n\n<h3 class=\"wp-block-heading\">Una responsabilidad que recae en todos<\/h3>\n\n\n\n<p class=\"wp-block-paragraph\">La situaci\u00f3n que enfrenta el Valle de Aburr\u00e1 demuestra que la disponibilidad de agua depende tanto de las condiciones clim\u00e1ticas como del comportamiento de los usuarios.<\/p>\n\n\n\n<p class=\"wp-block-paragraph\">EPM puede implementar estrategias para administrar las reservas y mejorar la eficiencia del sistema, pero el ahorro desde los hogares y establecimientos comerciales resulta fundamental para disminuir la presi\u00f3n sobre los embalses.<\/p>\n\n\n\n<p class=\"wp-block-paragraph\">La empresa reiter\u00f3 que el momento actual requiere especial responsabilidad debido a las condiciones de sequ\u00eda y a las proyecciones clim\u00e1ticas para los pr\u00f3ximos meses.<\/p>\n\n\n\n<p class=\"wp-block-paragraph\">Los d\u00edas restantes del periodo de seguimiento ser\u00e1n determinantes. Si el consumo no disminuye y los embalses contin\u00faan perdiendo agua, EPM tendr\u00e1 que evaluar nuevas alternativas para proteger el abastecimiento.<\/p>\n\n\n\n<p class=\"wp-block-paragraph\">Por ahora, la recomendaci\u00f3n es clara: reducir el consumo, evitar el desperdicio y utilizar \u00fanicamente el agua que realmente se necesita.<\/p>\n\n\n\n<p class=\"wp-block-paragraph\">La pr\u00f3xima semana, una vez finalice el periodo de seguimiento, se conocer\u00e1 si las medidas de ahorro fueron suficientes o si el Valle de Aburr\u00e1 tendr\u00e1 que prepararse nuevamente para posibles restricciones en el servicio de agua potable.<\/p>\n","protected":false},"excerpt":{"rendered":"<p>\ud83d\udca7\ud83d\udea8 La preocupaci\u00f3n por el abastecimiento de agua vuelve a crecer en el Valle de Aburr\u00e1. EPM confirm\u00f3 que durante los \u00faltimos d\u00edas los usuarios no han conseguido cumplir las metas de ahorro establecidas por la empresa, mientras los niveles de los embalses contin\u00faan disminuyendo. Ante este panorama, la posibilidad de implementar nuevamente medidas de [&hellip;]<\/p>\n","protected":false},"author":10,"featured_media":18902,"comment_status":"closed","ping_status":"open","sticky":false,"template":"","format":"standard","meta":{"footnotes":""},"categories":[2,51],"tags":[],"class_list":["post-18901","post","type-post","status-publish","format-standard","has-post-thumbnail","hentry","category-nacional","category-politica"],"amp_enabled":true,"_links":{"self":[{"href":"https:\/\/tropicanacasanare.com\/index.php?rest_route=\/wp\/v2\/posts\/18901","targetHints":{"allow":["GET"]}}],"collection":[{"href":"https:\/\/tropicanacasanare.com\/index.php?rest_route=\/wp\/v2\/posts"}],"about":[{"href":"https:\/\/tropicanacasanare.com\/index.php?rest_route=\/wp\/v2\/types\/post"}],"author":[{"embeddable":true,"href":"https:\/\/tropicanacasanare.com\/index.php?rest_route=\/wp\/v2\/users\/10"}],"replies":[{"embeddable":true,"href":"https:\/\/tropicanacasanare.com\/index.php?rest_route=%2Fwp%2Fv2%2Fcomments&post=18901"}],"version-history":[{"count":1,"href":"https:\/\/tropicanacasanare.com\/index.php?rest_route=\/wp\/v2\/posts\/18901\/revisions"}],"predecessor-version":[{"id":18903,"href":"https:\/\/tropicanacasanare.com\/index.php?rest_route=\/wp\/v2\/posts\/18901\/revisions\/18903"}],"wp:featuredmedia":[{"embeddable":true,"href":"https:\/\/tropicanacasanare.com\/index.php?rest_route=\/wp\/v2\/media\/18902"}],"wp:attachment":[{"href":"https:\/\/tropicanacasanare.com\/index.php?rest_route=%2Fwp%2Fv2%2Fmedia&parent=18901"}],"wp:term":[{"taxonomy":"category","embeddable":true,"href":"https:\/\/tropicanacasanare.com\/index.php?rest_route=%2Fwp%2Fv2%2Fcategories&post=18901"},{"taxonomy":"post_tag","embeddable":true,"href":"https:\/\/tropicanacasanare.com\/index.php?rest_route=%2Fwp%2Fv2%2Ftags&post=18901"}],"curies":[{"name":"wp","href":"https:\/\/api.w.org\/{rel}","templated":true}]}}