{"id":18907,"date":"2026-09-04T14:15:52","date_gmt":"2026-09-04T19:15:52","guid":{"rendered":"https:\/\/tropicanacasanare.com\/?p=18907"},"modified":"2026-09-04T14:15:52","modified_gmt":"2026-09-04T19:15:52","slug":"hallan-otro-cuerpo-abandonado-en-bello-y-crece-la-preocupacion-por-tres-casos-en-el-mismo-sector","status":"publish","type":"post","link":"https:\/\/tropicanacasanare.com\/?p=18907","title":{"rendered":"Hallan otro cuerpo abandonado en Bello y crece la preocupaci\u00f3n por tres casos en el mismo sector"},"content":{"rendered":"\n<p class=\"wp-block-paragraph\">\ud83d\udea8\u26a0\ufe0f Un nuevo hallazgo de un cuerpo sin vida en el barrio Santa Rita, de Bello, volvi\u00f3 a encender las alertas de las autoridades. El cad\u00e1ver fue encontrado durante la madrugada de este viernes dentro de un costal, a pocos metros de la autopista Medell\u00edn-Bogot\u00e1, en un sector donde ya se han registrado otros dos casos similares durante 2026. Con este nuevo hecho, son tres las personas encontradas bajo circunstancias parecidas en el mismo punto durante el a\u00f1o. \ud83d\udd75\ufe0f\u200d\u2642\ufe0f\ud83d\ude94<\/p>\n\n\n\n<figure class=\"wp-block-image size-full\"><img loading=\"lazy\" decoding=\"async\" width=\"780\" height=\"565\" src=\"https:\/\/tropicanacasanare.com\/wp-content\/uploads\/2026\/09\/image-15.png\" alt=\"\" class=\"wp-image-18908\" srcset=\"https:\/\/tropicanacasanare.com\/wp-content\/uploads\/2026\/09\/image-15.png 780w, https:\/\/tropicanacasanare.com\/wp-content\/uploads\/2026\/09\/image-15-300x217.png 300w, https:\/\/tropicanacasanare.com\/wp-content\/uploads\/2026\/09\/image-15-768x556.png 768w\" sizes=\"auto, (max-width: 780px) 100vw, 780px\" \/><\/figure>\n\n\n\n<p class=\"wp-block-paragraph\">El hallazgo se produjo aproximadamente a la 1:00 de la madrugada, en uno de los accesos al barrio Santa Rita. El lugar corresponde a un callej\u00f3n utilizado principalmente por los veh\u00edculos que ingresan y salen de esta zona de Bello hacia la autopista Medell\u00edn-Bogot\u00e1.<\/p>\n\n\n\n<p class=\"wp-block-paragraph\">Hasta el momento, las autoridades no han establecido la identidad de la persona encontrada ni las circunstancias exactas en las que muri\u00f3. Durante la inspecci\u00f3n realizada por funcionarios del Cuerpo T\u00e9cnico de Investigaci\u00f3n, CTI, el cad\u00e1ver permaneci\u00f3 dentro de la envoltura en la que fue abandonado.<\/p>\n\n\n\n<p class=\"wp-block-paragraph\">De manera preliminar se estima que la v\u00edctima ser\u00eda un hombre de entre 20 y 25 a\u00f1os, aunque esta informaci\u00f3n deber\u00e1 ser confirmada por Medicina Legal, entidad encargada de establecer plenamente su identidad y determinar las causas de la muerte.<\/p>\n\n\n\n<h3 class=\"wp-block-heading\">Tres casos en el mismo punto durante 2026<\/h3>\n\n\n\n<p class=\"wp-block-paragraph\">La principal preocupaci\u00f3n de las autoridades est\u00e1 relacionada con la repetici\u00f3n de este tipo de hechos en un \u00e1rea relativamente peque\u00f1a.<\/p>\n\n\n\n<p class=\"wp-block-paragraph\">El hallazgo de este viernes constituye el tercer caso registrado durante este a\u00f1o en el mismo sector. El antecedente m\u00e1s reciente ocurri\u00f3 el pasado 18 de agosto, cuando fue encontrado el cuerpo de Miguel Enrique P\u00e9rez Moreno, de 33 a\u00f1os.<\/p>\n\n\n\n<p class=\"wp-block-paragraph\">En aquella oportunidad, la v\u00edctima estaba envuelta en una bolsa negra hasta la cintura y cubierta con una cobija de color rosado.<\/p>\n\n\n\n<p class=\"wp-block-paragraph\">Meses antes, el 18 de abril, tambi\u00e9n fue localizado en este mismo sector el cuerpo de Yhon Sebasti\u00e1n Aguirre Montoya, de 37 a\u00f1os. En ese caso, el cad\u00e1ver estaba cubierto con papel chicle y una bolsa negra, que permanec\u00eda amarrada con un cord\u00f3n blanco.<\/p>\n\n\n\n<p class=\"wp-block-paragraph\">Los tres casos tienen como elemento com\u00fan el abandono de los cuerpos en este sector cercano a la autopista Medell\u00edn-Bogot\u00e1, situaci\u00f3n que ahora es objeto de especial atenci\u00f3n por parte de las autoridades judiciales.<\/p>\n\n\n\n<h3 class=\"wp-block-heading\">Un lugar con poca vigilancia<\/h3>\n\n\n\n<p class=\"wp-block-paragraph\">Vecinos y fuentes judiciales consultadas por El Colombiano han se\u00f1alado que las caracter\u00edsticas del sector podr\u00edan estar siendo aprovechadas por estructuras criminales para abandonar cuerpos.<\/p>\n\n\n\n<p class=\"wp-block-paragraph\">Se trata de una zona con poca actividad durante determinadas horas de la noche y en la que existe solamente una empresa. Adem\u00e1s, el callej\u00f3n utilizado para acceder al barrio presenta condiciones que dificultan la vigilancia permanente.<\/p>\n\n\n\n<p class=\"wp-block-paragraph\">Uno de los principales problemas identificados es la ausencia de c\u00e1maras de seguridad, tanto p\u00fablicas como privadas, que permitan registrar los movimientos de los veh\u00edculos o personas que ingresan al lugar y posteriormente salen hacia la autopista.<\/p>\n\n\n\n<p class=\"wp-block-paragraph\">Esta falta de sistemas de videovigilancia podr\u00eda dificultar la identificaci\u00f3n de quienes abandonan los cuerpos y establecer los horarios y veh\u00edculos utilizados para cometer este tipo de acciones.<\/p>\n\n\n\n<h3 class=\"wp-block-heading\">El sector ya ten\u00eda antecedentes<\/h3>\n\n\n\n<p class=\"wp-block-paragraph\">La preocupaci\u00f3n no es nueva. El punto donde fueron encontrados estos tres cuerpos durante 2026 ya hab\u00eda sido escenario de otros hechos similares en a\u00f1os anteriores.<\/p>\n\n\n\n<p class=\"wp-block-paragraph\">El 5 de marzo de 2021 fue localizado en esta zona el cad\u00e1ver de Jhon Fredy \u00c1lvarez Londo\u00f1o, de 37 a\u00f1os, quien tambi\u00e9n hab\u00eda sido abandonado dentro de bolsas.<\/p>\n\n\n\n<p class=\"wp-block-paragraph\">Posteriormente, el 24 de junio de 2023, las autoridades encontraron en el mismo sector el cuerpo de Jos\u00e9 F\u00e9lix Gonz\u00e1lez Restrepo, de 24 a\u00f1os.<\/p>\n\n\n\n<p class=\"wp-block-paragraph\">Estos antecedentes muestran que el lugar ha sido utilizado en diferentes momentos para abandonar cad\u00e1veres, lo que ha llevado a que residentes y autoridades presten especial atenci\u00f3n a las condiciones de seguridad del sector.<\/p>\n\n\n\n<h3 class=\"wp-block-heading\">Los cambios en otros puntos de Bello<\/h3>\n\n\n\n<p class=\"wp-block-paragraph\">El Colombiano tambi\u00e9n se\u00f1ala que la utilizaci\u00f3n de este lugar podr\u00eda estar relacionada con las medidas implementadas en otros sectores del municipio.<\/p>\n\n\n\n<p class=\"wp-block-paragraph\">Entre diciembre de 2021 y abril de 2024 fueron abandonados 16 cuerpos en la avenida Regional Oriental Norte, corredor que comunica sectores como Madera con la autopista Norte.<\/p>\n\n\n\n<p class=\"wp-block-paragraph\">Ante la repetici\u00f3n de estos hechos, la Alcald\u00eda de Bello implement\u00f3 medidas de vigilancia y seguridad, entre ellas la instalaci\u00f3n de c\u00e1maras fijas y equipos con capacidad de giro de 180 grados, conectados con el centro de monitoreo municipal.<\/p>\n\n\n\n<p class=\"wp-block-paragraph\">Tambi\u00e9n se llegaron a implementar restricciones nocturnas sobre ese corredor con la intenci\u00f3n de impedir que fuera utilizado para abandonar cad\u00e1veres. Sin embargo, la problem\u00e1tica termin\u00f3 traslad\u00e1ndose hacia otros puntos.<\/p>\n\n\n\n<p class=\"wp-block-paragraph\">Ahora, Santa Rita aparece nuevamente como uno de los sectores que requiere mayor atenci\u00f3n debido a la repetici\u00f3n de hallazgos.<\/p>\n\n\n\n<h3 class=\"wp-block-heading\">Aumentan los casos en el Valle de Aburr\u00e1<\/h3>\n\n\n\n<p class=\"wp-block-paragraph\">El nuevo caso registrado en Bello se suma a un panorama m\u00e1s amplio de preocupaci\u00f3n en el Valle de Aburr\u00e1.<\/p>\n\n\n\n<p class=\"wp-block-paragraph\">Seg\u00fan los datos reportados por El Colombiano, durante 2026 las autoridades han encontrado 20 personas abandonadas en diferentes tipos de contenedores o envolturas en distintos sectores del \u00e1rea metropolitana.<\/p>\n\n\n\n<p class=\"wp-block-paragraph\">La cifra ya supera los registros del a\u00f1o anterior. Durante todo 2025 se contabilizaron 18 casos, mientras que a la misma fecha de este a\u00f1o ya se hab\u00edan registrado 13 hallazgos, antes de los hechos m\u00e1s recientes.<\/p>\n\n\n\n<p class=\"wp-block-paragraph\">La situaci\u00f3n genera preocupaci\u00f3n debido a que estos casos pueden estar relacionados con din\u00e1micas de violencia y disputas entre estructuras criminales, aunque cada hecho debe ser investigado de manera individual para establecer las circunstancias y responsables.<\/p>\n\n\n\n<h3 class=\"wp-block-heading\">Investigaci\u00f3n busca esclarecer el nuevo caso<\/h3>\n\n\n\n<p class=\"wp-block-paragraph\">Por ahora, el nuevo hallazgo permanece como una muerte por establecer.<\/p>\n\n\n\n<p class=\"wp-block-paragraph\">Las autoridades deber\u00e1n adelantar los procedimientos forenses para identificar a la v\u00edctima y determinar c\u00f3mo muri\u00f3. Posteriormente, los investigadores tendr\u00e1n que establecer d\u00f3nde ocurri\u00f3 el homicidio, qui\u00e9nes participaron y cu\u00e1les fueron las razones para abandonar el cuerpo en este punto.<\/p>\n\n\n\n<p class=\"wp-block-paragraph\">Tambi\u00e9n ser\u00e1 necesario revisar si existen c\u00e1maras ubicadas en sectores cercanos que puedan aportar informaci\u00f3n, adem\u00e1s de recopilar testimonios de habitantes y trabajadores que hayan podido observar movimientos inusuales durante la madrugada.<\/p>\n\n\n\n<p class=\"wp-block-paragraph\">La investigaci\u00f3n deber\u00e1 establecer igualmente si este nuevo caso guarda alguna relaci\u00f3n con los dos cuerpos encontrados anteriormente en Santa Rita o si se trata de hechos independientes.<\/p>\n\n\n\n<p class=\"wp-block-paragraph\">Por el momento, no existe confirmaci\u00f3n oficial que permita establecer una conexi\u00f3n entre las tres v\u00edctimas.<\/p>\n\n\n\n<h3 class=\"wp-block-heading\">Crece la preocupaci\u00f3n entre los habitantes<\/h3>\n\n\n\n<p class=\"wp-block-paragraph\">La repetici\u00f3n de estos hallazgos ha generado inquietud entre los habitantes del sector, especialmente por la ubicaci\u00f3n del lugar y la aparente facilidad con la que los responsables pueden llegar y abandonar all\u00ed los cuerpos sin ser detectados.<\/p>\n\n\n\n<p class=\"wp-block-paragraph\">El nuevo caso vuelve a poner sobre la mesa la necesidad de fortalecer las estrategias de vigilancia en puntos que, por sus condiciones de iluminaci\u00f3n, circulaci\u00f3n y ausencia de c\u00e1maras, pueden convertirse en lugares vulnerables.<\/p>\n\n\n\n<p class=\"wp-block-paragraph\">Mientras avanzan las investigaciones, las autoridades deber\u00e1n determinar la identidad de la v\u00edctima encontrada este viernes y establecer las circunstancias de su muerte.<\/p>\n\n\n\n<p class=\"wp-block-paragraph\">El hallazgo tambi\u00e9n reabre el debate sobre la necesidad de aumentar la presencia institucional y los sistemas de videovigilancia en Santa Rita, un sector que durante los \u00faltimos a\u00f1os ha aparecido reiteradamente en los registros judiciales por el abandono de cuerpos.<\/p>\n\n\n\n<p class=\"wp-block-paragraph\">Con tres casos registrados solamente durante 2026 y otros dos antecedentes en a\u00f1os anteriores, este punto de Bello se ha convertido nuevamente en un lugar de especial atenci\u00f3n para las autoridades encargadas de investigar los hechos de violencia en el Valle de Aburr\u00e1.<\/p>\n","protected":false},"excerpt":{"rendered":"<p>\ud83d\udea8\u26a0\ufe0f Un nuevo hallazgo de un cuerpo sin vida en el barrio Santa Rita, de Bello, volvi\u00f3 a encender las alertas de las autoridades. El cad\u00e1ver fue encontrado durante la madrugada de este viernes dentro de un costal, a pocos metros de la autopista Medell\u00edn-Bogot\u00e1, en un sector donde ya se han registrado otros dos [&hellip;]<\/p>\n","protected":false},"author":10,"featured_media":18908,"comment_status":"closed","ping_status":"open","sticky":false,"template":"","format":"standard","meta":{"footnotes":""},"categories":[2,51],"tags":[],"class_list":["post-18907","post","type-post","status-publish","format-standard","has-post-thumbnail","hentry","category-nacional","category-politica"],"amp_enabled":true,"_links":{"self":[{"href":"https:\/\/tropicanacasanare.com\/index.php?rest_route=\/wp\/v2\/posts\/18907","targetHints":{"allow":["GET"]}}],"collection":[{"href":"https:\/\/tropicanacasanare.com\/index.php?rest_route=\/wp\/v2\/posts"}],"about":[{"href":"https:\/\/tropicanacasanare.com\/index.php?rest_route=\/wp\/v2\/types\/post"}],"author":[{"embeddable":true,"href":"https:\/\/tropicanacasanare.com\/index.php?rest_route=\/wp\/v2\/users\/10"}],"replies":[{"embeddable":true,"href":"https:\/\/tropicanacasanare.com\/index.php?rest_route=%2Fwp%2Fv2%2Fcomments&post=18907"}],"version-history":[{"count":1,"href":"https:\/\/tropicanacasanare.com\/index.php?rest_route=\/wp\/v2\/posts\/18907\/revisions"}],"predecessor-version":[{"id":18909,"href":"https:\/\/tropicanacasanare.com\/index.php?rest_route=\/wp\/v2\/posts\/18907\/revisions\/18909"}],"wp:featuredmedia":[{"embeddable":true,"href":"https:\/\/tropicanacasanare.com\/index.php?rest_route=\/wp\/v2\/media\/18908"}],"wp:attachment":[{"href":"https:\/\/tropicanacasanare.com\/index.php?rest_route=%2Fwp%2Fv2%2Fmedia&parent=18907"}],"wp:term":[{"taxonomy":"category","embeddable":true,"href":"https:\/\/tropicanacasanare.com\/index.php?rest_route=%2Fwp%2Fv2%2Fcategories&post=18907"},{"taxonomy":"post_tag","embeddable":true,"href":"https:\/\/tropicanacasanare.com\/index.php?rest_route=%2Fwp%2Fv2%2Ftags&post=18907"}],"curies":[{"name":"wp","href":"https:\/\/api.w.org\/{rel}","templated":true}]}}