{"id":18913,"date":"2026-09-04T14:21:37","date_gmt":"2026-09-04T19:21:37","guid":{"rendered":"https:\/\/tropicanacasanare.com\/?p=18913"},"modified":"2026-09-04T14:21:37","modified_gmt":"2026-09-04T19:21:37","slug":"la-biodiversidad-colombiana-brilla-en-los-premios-de-fotografia-audubon-2026","status":"publish","type":"post","link":"https:\/\/tropicanacasanare.com\/?p=18913","title":{"rendered":"La biodiversidad colombiana brilla en los Premios de Fotograf\u00eda Audubon 2026"},"content":{"rendered":"\n<p class=\"wp-block-paragraph\">\ud83d\udcf8\ud83e\udd9c\ud83c\udde8\ud83c\uddf4 Colombia volvi\u00f3 a destacarse en uno de los concursos internacionales m\u00e1s importantes de fotograf\u00eda de aves. Los Premios de Fotograf\u00eda Audubon 2026 reconocieron el talento de fot\u00f3grafos colombianos cuyas im\u00e1genes lograron capturar la belleza, el comportamiento y la importancia de distintas especies de aves. En esta edici\u00f3n, varios trabajos realizados en diferentes regiones del pa\u00eds fueron seleccionados entre los ganadores del certamen organizado por la National Audubon Society. \ud83c\udf3f\ud83d\udc26\ud83c\udfc6<\/p>\n\n\n\n<figure class=\"wp-block-image size-full\"><img loading=\"lazy\" decoding=\"async\" width=\"780\" height=\"556\" src=\"https:\/\/tropicanacasanare.com\/wp-content\/uploads\/2026\/09\/image-17.png\" alt=\"\" class=\"wp-image-18914\" srcset=\"https:\/\/tropicanacasanare.com\/wp-content\/uploads\/2026\/09\/image-17.png 780w, https:\/\/tropicanacasanare.com\/wp-content\/uploads\/2026\/09\/image-17-300x214.png 300w, https:\/\/tropicanacasanare.com\/wp-content\/uploads\/2026\/09\/image-17-767x547.png 767w\" sizes=\"auto, (max-width: 780px) 100vw, 780px\" \/><\/figure>\n\n\n\n<p class=\"wp-block-paragraph\">La edici\u00f3n n\u00famero 17 de los premios reuni\u00f3 fotograf\u00edas y videos dedicados a mostrar la diversidad de las aves del hemisferio y tambi\u00e9n los desaf\u00edos que enfrentan debido a amenazas como la p\u00e9rdida de h\u00e1bitat y el cambio clim\u00e1tico.<\/p>\n\n\n\n<p class=\"wp-block-paragraph\">Por segundo a\u00f1o consecutivo, Audubon realiz\u00f3 un concurso dirigido a residentes de Colombia y Chile, adem\u00e1s de otro para participantes de Estados Unidos y Canad\u00e1. En la categor\u00eda correspondiente a Colombia y Chile fueron entregados nueve reconocimientos, entre ellos varios que quedaron en manos de fot\u00f3grafos colombianos.<\/p>\n\n\n\n<p class=\"wp-block-paragraph\">La selecci\u00f3n fue realizada por jurados que evaluaron de manera an\u00f3nima miles de trabajos, buscando im\u00e1genes capaces de representar tanto la belleza de las especies como las historias que existen detr\u00e1s de cada fotograf\u00eda.<\/p>\n\n\n\n<h3 class=\"wp-block-heading\">Fot\u00f3grafos colombianos llevaron sus aves al escenario internacional<\/h3>\n\n\n\n<p class=\"wp-block-paragraph\">Entre los reconocidos aparece <strong>Santiago P\u00e9rez Rinc\u00f3n<\/strong>, ganador del Premio a la Conservaci\u00f3n por una fotograf\u00eda del <strong>loro orejiamarillo<\/strong>, una de las especies de aves m\u00e1s representativas y amenazadas de los Andes colombianos.<\/p>\n\n\n\n<p class=\"wp-block-paragraph\">La imagen fue tomada en el Ca\u00f1\u00f3n del R\u00edo Anaime, en el Tolima, y muestra a esta especie en un contexto que permite destacar la importancia de proteger los ecosistemas donde habita.<\/p>\n\n\n\n<p class=\"wp-block-paragraph\">El loro orejiamarillo, cuyo nombre cient\u00edfico es <em>Ognorhynchus icterotis<\/em>, se encuentra estrechamente relacionado con los bosques altoandinos y con las palmas de cera, por lo que su conservaci\u00f3n est\u00e1 directamente vinculada con la protecci\u00f3n de estos ambientes.<\/p>\n\n\n\n<p class=\"wp-block-paragraph\">Otro de los colombianos destacados fue <strong>Santiago Giraldo<\/strong>, quien recibi\u00f3 el Premio Plantas para las Aves de Colombia por una fotograf\u00eda en la que aparecen un loro orejiamarillo y una palma de cera del Quind\u00edo.<\/p>\n\n\n\n<p class=\"wp-block-paragraph\">Esta categor\u00eda busca precisamente mostrar la relaci\u00f3n entre las aves y las plantas de las que dependen para alimentarse, refugiarse o reproducirse, resaltando que la conservaci\u00f3n de una especie muchas veces depende tambi\u00e9n de preservar todo el ecosistema que la rodea.<\/p>\n\n\n\n<h3 class=\"wp-block-heading\">Un joven fot\u00f3grafo tambi\u00e9n fue reconocido<\/h3>\n\n\n\n<p class=\"wp-block-paragraph\">El talento colombiano estuvo representado adem\u00e1s por <strong>Juan David Camacho M\u00e1rquez<\/strong>, quien obtuvo el Premio Juvenil con una fotograf\u00eda de una <strong>reinita del Canad\u00e1<\/strong>, especie migratoria que pasa parte del a\u00f1o en Sudam\u00e9rica.<\/p>\n\n\n\n<p class=\"wp-block-paragraph\">La imagen fue capturada en El Queremal, Valle del Cauca, y muestra al ave sobre una rama junto a una telara\u00f1a cubierta de gotas de roc\u00edo.<\/p>\n\n\n\n<p class=\"wp-block-paragraph\">Para Camacho M\u00e1rquez, conseguir la fotograf\u00eda tuvo un significado especial, pues hab\u00eda intentado durante tres a\u00f1os obtener una imagen que representara de manera adecuada a esta especie.<\/p>\n\n\n\n<p class=\"wp-block-paragraph\">La reinita del Canad\u00e1, <em>Cardellina canadensis<\/em>, es un ave migratoria de larga distancia. Durante la temporada no reproductiva se encuentra principalmente en Sudam\u00e9rica y utiliza diferentes ecosistemas de los Andes, donde puede formar parte de grupos de aves que se desplazan en busca de alimento.<\/p>\n\n\n\n<p class=\"wp-block-paragraph\">El jurado destac\u00f3 precisamente la composici\u00f3n de la imagen, la nitidez y el momento exacto en que el ave parece observar la telara\u00f1a.<\/p>\n\n\n\n<h3 class=\"wp-block-heading\">El gu\u00e1charo tambi\u00e9n fue protagonista<\/h3>\n\n\n\n<p class=\"wp-block-paragraph\">Otro de los reconocimientos para Colombia fue para <strong>Faber Mosquera \u00c1lvarez<\/strong>, ganador en la categor\u00eda Aves en los paisajes de Colombia con una fotograf\u00eda de un <strong>gu\u00e1charo<\/strong>.<\/p>\n\n\n\n<p class=\"wp-block-paragraph\">La imagen fue capturada en el Ca\u00f1\u00f3n de los Gu\u00e1charos, en el Quind\u00edo, dentro de un ambiente de cueva donde las condiciones de luz representaban un desaf\u00edo importante para el fot\u00f3grafo.<\/p>\n\n\n\n<p class=\"wp-block-paragraph\">Mosquera tuvo que prepararse t\u00e9cnicamente para conseguir congelar el movimiento del ave durante su vuelo. La fotograf\u00eda requiri\u00f3 una combinaci\u00f3n de paciencia, precisi\u00f3n y conocimiento de las condiciones del lugar.<\/p>\n\n\n\n<p class=\"wp-block-paragraph\">El gu\u00e1charo, <em>Steatornis caripensis<\/em>, es una especie nocturna que utiliza sistemas de cuevas para descansar y reproducirse y que posee caracter\u00edsticas sensoriales particulares que le permiten orientarse en ambientes oscuros.<\/p>\n\n\n\n<p class=\"wp-block-paragraph\">La fotograf\u00eda permiti\u00f3 llevar al concurso internacional una imagen de uno de los habitantes m\u00e1s particulares de los ecosistemas de Colombia.<\/p>\n\n\n\n<h3 class=\"wp-block-heading\">Colombia y Chile compartieron protagonismo<\/h3>\n\n\n\n<p class=\"wp-block-paragraph\">Aunque los fot\u00f3grafos colombianos tuvieron una presencia importante, el Gran Premio correspondiente al concurso de Colombia y Chile fue para el chileno <strong>Francisco Castro Escobar<\/strong>, gracias a una fotograf\u00eda de un tuc\u00faquere captada en la Reserva Natural Paposo, en la regi\u00f3n de Antofagasta.<\/p>\n\n\n\n<p class=\"wp-block-paragraph\">La imagen muestra al ave entre la vegetaci\u00f3n del desierto costero chileno y fue tomada durante las primeras horas de la ma\u00f1ana.<\/p>\n\n\n\n<p class=\"wp-block-paragraph\">El fot\u00f3grafo relat\u00f3 que tuvo que caminar durante varias horas y acercarse cuidadosamente al animal para no perturbarlo. El resultado fue una imagen que termin\u00f3 siendo elegida como la ganadora principal de esta regi\u00f3n.<\/p>\n\n\n\n<p class=\"wp-block-paragraph\">El premio incluye un reconocimiento econ\u00f3mico de <strong>5.000 d\u00f3lares<\/strong> y un viaje a la Ant\u00e1rtida con HX Expeditions, una experiencia que combina observaci\u00f3n de aves, exploraci\u00f3n y conservaci\u00f3n.<\/p>\n\n\n\n<h3 class=\"wp-block-heading\">La fotograf\u00eda como herramienta para proteger la biodiversidad<\/h3>\n\n\n\n<p class=\"wp-block-paragraph\">M\u00e1s all\u00e1 de los reconocimientos individuales, los Premios de Fotograf\u00eda Audubon buscan utilizar las im\u00e1genes como una forma de acercar al p\u00fablico a la realidad de las aves y los ecosistemas que habitan.<\/p>\n\n\n\n<p class=\"wp-block-paragraph\">Las fotograf\u00edas permiten mostrar especies que muchas personas no tienen la oportunidad de observar directamente y, al mismo tiempo, ayudan a explicar las amenazas que enfrentan.<\/p>\n\n\n\n<p class=\"wp-block-paragraph\">En el caso colombiano, esto cobra especial importancia debido a la enorme diversidad de aves que existe en el territorio nacional.<\/p>\n\n\n\n<p class=\"wp-block-paragraph\">Especies como el loro orejiamarillo y el gu\u00e1charo representan diferentes ecosistemas y demuestran la variedad de ambientes que pueden encontrarse en Colombia, desde los bosques andinos hasta los sistemas de cavernas.<\/p>\n\n\n\n<p class=\"wp-block-paragraph\">Las im\u00e1genes premiadas tambi\u00e9n muestran que detr\u00e1s de una fotograf\u00eda de naturaleza existe un proceso que requiere conocimiento del comportamiento de los animales, paciencia y respeto por los espacios donde viven.<\/p>\n\n\n\n<h3 class=\"wp-block-heading\">Un reconocimiento al talento y a la naturaleza colombiana<\/h3>\n\n\n\n<p class=\"wp-block-paragraph\">Los resultados de esta edici\u00f3n de los premios dejan nuevamente a Colombia como protagonista en la fotograf\u00eda internacional de naturaleza.<\/p>\n\n\n\n<p class=\"wp-block-paragraph\">Las im\u00e1genes de Santiago P\u00e9rez Rinc\u00f3n, Santiago Giraldo, Juan David Camacho M\u00e1rquez y Faber Mosquera \u00c1lvarez no solo fueron valoradas por su calidad art\u00edstica, sino tambi\u00e9n por la capacidad de mostrar diferentes especies y paisajes del pa\u00eds.<\/p>\n\n\n\n<p class=\"wp-block-paragraph\">Cada fotograf\u00eda cuenta una historia distinta: desde la conservaci\u00f3n del loro orejiamarillo hasta la relaci\u00f3n entre las aves y las plantas, pasando por las migraciones de especies que recorren miles de kil\u00f3metros y los desaf\u00edos de fotografiar aves en ambientes oscuros.<\/p>\n\n\n\n<p class=\"wp-block-paragraph\">El reconocimiento tambi\u00e9n demuestra el potencial que tiene la fotograf\u00eda de naturaleza para generar conciencia sobre la biodiversidad y la necesidad de conservar los ecosistemas.<\/p>\n\n\n\n<p class=\"wp-block-paragraph\">Los ganadores ser\u00e1n destacados en la edici\u00f3n impresa de septiembre de 2026 de la revista Audubon, mientras que las 100 mejores fotograf\u00edas de la competencia ser\u00e1n anunciadas el pr\u00f3ximo 23 de septiembre.<\/p>\n\n\n\n<p class=\"wp-block-paragraph\">As\u00ed, la biodiversidad colombiana vuelve a quedar retratada ante una audiencia internacional. Esta vez, a trav\u00e9s de im\u00e1genes que no solamente muestran la belleza de sus aves, sino que tambi\u00e9n recuerdan que detr\u00e1s de cada especie existe un ecosistema que necesita ser protegido.<\/p>\n","protected":false},"excerpt":{"rendered":"<p>\ud83d\udcf8\ud83e\udd9c\ud83c\udde8\ud83c\uddf4 Colombia volvi\u00f3 a destacarse en uno de los concursos internacionales m\u00e1s importantes de fotograf\u00eda de aves. Los Premios de Fotograf\u00eda Audubon 2026 reconocieron el talento de fot\u00f3grafos colombianos cuyas im\u00e1genes lograron capturar la belleza, el comportamiento y la importancia de distintas especies de aves. En esta edici\u00f3n, varios trabajos realizados en diferentes regiones del [&hellip;]<\/p>\n","protected":false},"author":10,"featured_media":18914,"comment_status":"closed","ping_status":"open","sticky":false,"template":"","format":"standard","meta":{"footnotes":""},"categories":[60,2],"tags":[],"class_list":["post-18913","post","type-post","status-publish","format-standard","has-post-thumbnail","hentry","category-culturales","category-nacional"],"amp_enabled":true,"_links":{"self":[{"href":"https:\/\/tropicanacasanare.com\/index.php?rest_route=\/wp\/v2\/posts\/18913","targetHints":{"allow":["GET"]}}],"collection":[{"href":"https:\/\/tropicanacasanare.com\/index.php?rest_route=\/wp\/v2\/posts"}],"about":[{"href":"https:\/\/tropicanacasanare.com\/index.php?rest_route=\/wp\/v2\/types\/post"}],"author":[{"embeddable":true,"href":"https:\/\/tropicanacasanare.com\/index.php?rest_route=\/wp\/v2\/users\/10"}],"replies":[{"embeddable":true,"href":"https:\/\/tropicanacasanare.com\/index.php?rest_route=%2Fwp%2Fv2%2Fcomments&post=18913"}],"version-history":[{"count":1,"href":"https:\/\/tropicanacasanare.com\/index.php?rest_route=\/wp\/v2\/posts\/18913\/revisions"}],"predecessor-version":[{"id":18915,"href":"https:\/\/tropicanacasanare.com\/index.php?rest_route=\/wp\/v2\/posts\/18913\/revisions\/18915"}],"wp:featuredmedia":[{"embeddable":true,"href":"https:\/\/tropicanacasanare.com\/index.php?rest_route=\/wp\/v2\/media\/18914"}],"wp:attachment":[{"href":"https:\/\/tropicanacasanare.com\/index.php?rest_route=%2Fwp%2Fv2%2Fmedia&parent=18913"}],"wp:term":[{"taxonomy":"category","embeddable":true,"href":"https:\/\/tropicanacasanare.com\/index.php?rest_route=%2Fwp%2Fv2%2Fcategories&post=18913"},{"taxonomy":"post_tag","embeddable":true,"href":"https:\/\/tropicanacasanare.com\/index.php?rest_route=%2Fwp%2Fv2%2Ftags&post=18913"}],"curies":[{"name":"wp","href":"https:\/\/api.w.org\/{rel}","templated":true}]}}